{"id":1226,"date":"2023-12-02T12:01:00","date_gmt":"2023-12-02T15:01:00","guid":{"rendered":"https:\/\/sabuguinho.com.br\/site\/?p=1226"},"modified":"2023-12-02T12:01:00","modified_gmt":"2023-12-02T15:01:00","slug":"encontro-estrategico-no-senac-fartura-fortalece-parcerias-para-desenvolvimento-socioassistencial","status":"publish","type":"post","link":"https:\/\/sabuguinho.com.br\/site\/encontro-estrategico-no-senac-fartura-fortalece-parcerias-para-desenvolvimento-socioassistencial\/","title":{"rendered":"Encontro Estrat\u00e9gico no SENAC: Fartura fortalece parcerias para desenvolvimento socioassistencial"},"content":{"rendered":"<p>Primeira-dama de Fartura, Dra. Debora Garcia Duarte, junto aos coordenadores Luis Ricardo Leme e Sandy Reis, participou de reuni\u00e3o no SENAC de Ourinhos para discutir o Servi\u00e7o Socioassistencial no SUAS e estrat\u00e9gias de planejamento de verbas, fortalecendo parcerias e desenvolvendo pol\u00edticas p\u00fablicas no munic\u00edpio<br \/>\nFartura marcou presen\u00e7a em um encontro estrat\u00e9gico realizado no SENAC de Ourinhos, no dia 30 de dezembro, com a participa\u00e7\u00e3o destacada da primeira-dama Dra. Debora Garcia Duarte, e dos coordenadores Lu\u00eds Ricardo Leme, respons\u00e1vel pela Assist\u00eancia Social, e Sandy Reis, \u00e0 frente da Coordenadoria dos Direitos da Mulher. Tamb\u00e9m estiveram K\u00e1tia Cunha e Nilza Souza.<br \/>\nO Servi\u00e7o Nacional de Aprendizagem Comercial (SENAC), \u00e9 uma institui\u00e7\u00e3o brasileira de educa\u00e7\u00e3o profissional, faz parte do Sistema S, um conjunto de organiza\u00e7\u00f5es voltadas para o desenvolvimento de atividades de interesse social. O evento reuniu representantes de diversas cidades da regi\u00e3o, proporcionando uma plataforma para discutir temas relevantes, com foco no Servi\u00e7o Socioassistencial (SUAS) e no planejamento estrat\u00e9gico de verbas. A presen\u00e7a da equipe de Fartura ressaltou o compromisso do munic\u00edpio em fortalecer parcerias e desenvolver a\u00e7\u00f5es integradas.<br \/>\nA Coordenadoria dos Direitos da Mulher, em conjunto com a Assist\u00eancia Social, desempenhou um papel crucial, consolidando uma abordagem intersetorial no munic\u00edpio de Fartura. A atua\u00e7\u00e3o da primeira-dama, com um olhar atento \u00e0 gest\u00e3o p\u00fablica, busca n\u00e3o apenas atender \u00e0s necessidades imediatas, mas tamb\u00e9m desenvolver pol\u00edticas p\u00fablicas eficientes e sustent\u00e1veis.<br \/>\nO convite para o encontro foi recebido pela executiva Luiza Dognani, uma farturense com vasta experi\u00eancia em parcerias intermunicipais. A participa\u00e7\u00e3o destaca o comprometimento em buscar oportunidades que beneficiem Fartura, promovendo um di\u00e1logo cont\u00ednuo para o desenvolvimento da cidade e o bem-estar de seus habitantes.<\/p>\n<p><img loading=\"lazy\" decoding=\"async\" src=\"https:\/\/sabuguinho.com.br\/site\/wp-content\/uploads\/2023\/12\/Primeira-dama-de-Fartura-Dra.-Debora-fala-no-encontro-113x150.jpg\" alt=\"\" width=\"113\" height=\"150\" class=\"alignnone size-medium wp-image-1227\" srcset=\"https:\/\/sabuguinho.com.br\/site\/wp-content\/uploads\/2023\/12\/Primeira-dama-de-Fartura-Dra.-Debora-fala-no-encontro-113x150.jpg 113w, https:\/\/sabuguinho.com.br\/site\/wp-content\/uploads\/2023\/12\/Primeira-dama-de-Fartura-Dra.-Debora-fala-no-encontro-384x512.jpg 384w, https:\/\/sabuguinho.com.br\/site\/wp-content\/uploads\/2023\/12\/Primeira-dama-de-Fartura-Dra.-Debora-fala-no-encontro-768x1024.jpg 768w, https:\/\/sabuguinho.com.br\/site\/wp-content\/uploads\/2023\/12\/Primeira-dama-de-Fartura-Dra.-Debora-fala-no-encontro-1152x1536.jpg 1152w, https:\/\/sabuguinho.com.br\/site\/wp-content\/uploads\/2023\/12\/Primeira-dama-de-Fartura-Dra.-Debora-fala-no-encontro-750x1000.jpg 750w, https:\/\/sabuguinho.com.br\/site\/wp-content\/uploads\/2023\/12\/Primeira-dama-de-Fartura-Dra.-Debora-fala-no-encontro-1140x1520.jpg 1140w, https:\/\/sabuguinho.com.br\/site\/wp-content\/uploads\/2023\/12\/Primeira-dama-de-Fartura-Dra.-Debora-fala-no-encontro.jpg 1200w\" sizes=\"(max-width: 113px) 100vw, 113px\" \/><\/p>\n<p><img loading=\"lazy\" decoding=\"async\" src=\"https:\/\/sabuguinho.com.br\/site\/wp-content\/uploads\/2023\/12\/Farturenses-participantes-do-encontro--150x113.jpg\" alt=\"\" width=\"150\" height=\"113\" class=\"alignnone size-medium wp-image-1228\" srcset=\"https:\/\/sabuguinho.com.br\/site\/wp-content\/uploads\/2023\/12\/Farturenses-participantes-do-encontro--150x113.jpg 150w, https:\/\/sabuguinho.com.br\/site\/wp-content\/uploads\/2023\/12\/Farturenses-participantes-do-encontro--512x384.jpg 512w, https:\/\/sabuguinho.com.br\/site\/wp-content\/uploads\/2023\/12\/Farturenses-participantes-do-encontro--768x576.jpg 768w, https:\/\/sabuguinho.com.br\/site\/wp-content\/uploads\/2023\/12\/Farturenses-participantes-do-encontro--750x563.jpg 750w, https:\/\/sabuguinho.com.br\/site\/wp-content\/uploads\/2023\/12\/Farturenses-participantes-do-encontro-.jpg 1024w\" sizes=\"(max-width: 150px) 100vw, 150px\" \/><\/p>\n","protected":false},"excerpt":{"rendered":"<p>Primeira-dama de Fartura, Dra. Debora Garcia Duarte, junto aos coordenadores Luis Ricardo Leme e Sandy Reis, participou de reuni\u00e3o no SENAC de Ourinhos para discutir o Servi\u00e7o Socioassistencial no SUAS e estrat\u00e9gias de planejamento de verbas, fortalecendo parcerias e desenvolvendo pol\u00edticas p\u00fablicas no munic\u00edpio Fartura marcou presen\u00e7a em um encontro estrat\u00e9gico realizado no SENAC de [&hellip;]<\/p>\n","protected":false},"author":2,"featured_media":1229,"comment_status":"open","ping_status":"open","sticky":false,"template":"","format":"standard","meta":{"footnotes":""},"categories":[51],"tags":[],"_links":{"self":[{"href":"https:\/\/sabuguinho.com.br\/site\/wp-json\/wp\/v2\/posts\/1226"}],"collection":[{"href":"https:\/\/sabuguinho.com.br\/site\/wp-json\/wp\/v2\/posts"}],"about":[{"href":"https:\/\/sabuguinho.com.br\/site\/wp-json\/wp\/v2\/types\/post"}],"author":[{"embeddable":true,"href":"https:\/\/sabuguinho.com.br\/site\/wp-json\/wp\/v2\/users\/2"}],"replies":[{"embeddable":true,"href":"https:\/\/sabuguinho.com.br\/site\/wp-json\/wp\/v2\/comments?post=1226"}],"version-history":[{"count":1,"href":"https:\/\/sabuguinho.com.br\/site\/wp-json\/wp\/v2\/posts\/1226\/revisions"}],"predecessor-version":[{"id":1230,"href":"https:\/\/sabuguinho.com.br\/site\/wp-json\/wp\/v2\/posts\/1226\/revisions\/1230"}],"wp:featuredmedia":[{"embeddable":true,"href":"https:\/\/sabuguinho.com.br\/site\/wp-json\/wp\/v2\/media\/1229"}],"wp:attachment":[{"href":"https:\/\/sabuguinho.com.br\/site\/wp-json\/wp\/v2\/media?parent=1226"}],"wp:term":[{"taxonomy":"category","embeddable":true,"href":"https:\/\/sabuguinho.com.br\/site\/wp-json\/wp\/v2\/categories?post=1226"},{"taxonomy":"post_tag","embeddable":true,"href":"https:\/\/sabuguinho.com.br\/site\/wp-json\/wp\/v2\/tags?post=1226"}],"curies":[{"name":"wp","href":"https:\/\/api.w.org\/{rel}","templated":true}]}}