{"id":1190,"date":"2023-12-01T11:57:10","date_gmt":"2023-12-01T14:57:10","guid":{"rendered":"https:\/\/sabuguinho.com.br\/site\/?p=1190"},"modified":"2023-12-01T11:57:10","modified_gmt":"2023-12-01T14:57:10","slug":"corrida-elias-de-almeida-ward-vai-distribuir-mais-de-r-16-mil-em-premios","status":"publish","type":"post","link":"https:\/\/sabuguinho.com.br\/site\/corrida-elias-de-almeida-ward-vai-distribuir-mais-de-r-16-mil-em-premios\/","title":{"rendered":"CORRIDA ELIAS DE ALMEIDA WARD VAI DISTRIBUIR MAIS DE R$ 16 MIL EM PR\u00caMIOS"},"content":{"rendered":"<p>Est\u00e3o abertas as inscri\u00e7\u00f5es para a 77\u00aa edi\u00e7\u00e3o da Corrida Elias de Almeida Ward, a antiga e tradicional S\u00e3o Silvestre, disputada sempre no \u00faltimo dia do ano em Avar\u00e9, 31 de dezembro.<br \/>\nSer\u00e3o distribu\u00eddos mais de R$ 16 mil em pr\u00eamios aos atletas inscritos nas modalidades Geral (masculinos\/feminino) e Avar\u00e9 (masculino\/feminino), al\u00e9m de corredor (a) mais idoso (a). Os interessados devem acessar o site Ticketsport.com.br\/Avar\u00e9.<br \/>\nA realiza\u00e7\u00e3o da 77\u00aa Corrida Elias de Almeida Ward \u00e9 da Secretaria Municipal de Esporte e Lazer, com organiza\u00e7\u00e3o da empresa OE Eventos. A largada e chegada ser\u00e1 na Pra\u00e7a Prefeito Romeu Bretas (Concha Ac\u00fastica).<\/p>\n<p>PREMIA\u00c7\u00c3O<\/p>\n<p>Categoria Geral (masculino e feminino)<\/p>\n<p>1\u00ba Lugar R$ 1.200,00 (cada)<\/p>\n<p>2\u00ba Lugar R$    800,00 (cada)<\/p>\n<p>3\u00ba Lugar R$    700,00 (cada)<\/p>\n<p>4\u00ba Lugar R$    600,00 (cada)<\/p>\n<p>5\u00ba Lugar R$    500,00 (cada)<\/p>\n<p>Categoria Avar\u00e9 (masculino e feminino)<\/p>\n<p>1\u00ba Lugar R$ 1.200,00 (cada)<\/p>\n<p>2\u00ba Lugar R$    800,00 (cada)<\/p>\n<p>3\u00ba Lugar R$    700,00 (cada)<\/p>\n<p>4\u00ba Lugar R$    600,00 (cada)<\/p>\n<p>5\u00ba Lugar R$    500,00 (cada)<\/p>\n<p>Corredor mais idoso (masculino e feminino)<\/p>\n<p>1\u00ba Lugar R$   250,00 (cada)<\/p>\n<p>legenda: Prova pedestre est\u00e1 de volta e ser\u00e1 realizada na manh\u00e3 do dia 31 de dezembro, domingo, a partir das 7h30<\/p>\n<p>FONTE DA FOTO: REPRODU\u00c7\u00c3O &#8211; CARTAZ DO EVENTO<\/p>\n","protected":false},"excerpt":{"rendered":"<p>Est\u00e3o abertas as inscri\u00e7\u00f5es para a 77\u00aa edi\u00e7\u00e3o da Corrida Elias de Almeida Ward, a antiga e tradicional S\u00e3o Silvestre, disputada sempre no \u00faltimo dia do ano em Avar\u00e9, 31 de dezembro. Ser\u00e3o distribu\u00eddos mais de R$ 16 mil em pr\u00eamios aos atletas inscritos nas modalidades Geral (masculinos\/feminino) e Avar\u00e9 (masculino\/feminino), al\u00e9m de corredor (a) [&hellip;]<\/p>\n","protected":false},"author":2,"featured_media":1191,"comment_status":"open","ping_status":"open","sticky":false,"template":"","format":"standard","meta":{"footnotes":""},"categories":[45],"tags":[],"_links":{"self":[{"href":"https:\/\/sabuguinho.com.br\/site\/wp-json\/wp\/v2\/posts\/1190"}],"collection":[{"href":"https:\/\/sabuguinho.com.br\/site\/wp-json\/wp\/v2\/posts"}],"about":[{"href":"https:\/\/sabuguinho.com.br\/site\/wp-json\/wp\/v2\/types\/post"}],"author":[{"embeddable":true,"href":"https:\/\/sabuguinho.com.br\/site\/wp-json\/wp\/v2\/users\/2"}],"replies":[{"embeddable":true,"href":"https:\/\/sabuguinho.com.br\/site\/wp-json\/wp\/v2\/comments?post=1190"}],"version-history":[{"count":1,"href":"https:\/\/sabuguinho.com.br\/site\/wp-json\/wp\/v2\/posts\/1190\/revisions"}],"predecessor-version":[{"id":1192,"href":"https:\/\/sabuguinho.com.br\/site\/wp-json\/wp\/v2\/posts\/1190\/revisions\/1192"}],"wp:featuredmedia":[{"embeddable":true,"href":"https:\/\/sabuguinho.com.br\/site\/wp-json\/wp\/v2\/media\/1191"}],"wp:attachment":[{"href":"https:\/\/sabuguinho.com.br\/site\/wp-json\/wp\/v2\/media?parent=1190"}],"wp:term":[{"taxonomy":"category","embeddable":true,"href":"https:\/\/sabuguinho.com.br\/site\/wp-json\/wp\/v2\/categories?post=1190"},{"taxonomy":"post_tag","embeddable":true,"href":"https:\/\/sabuguinho.com.br\/site\/wp-json\/wp\/v2\/tags?post=1190"}],"curies":[{"name":"wp","href":"https:\/\/api.w.org\/{rel}","templated":true}]}}