{"id":1145,"date":"2023-11-30T11:26:28","date_gmt":"2023-11-30T14:26:28","guid":{"rendered":"https:\/\/sabuguinho.com.br\/site\/?p=1145"},"modified":"2023-11-30T11:35:51","modified_gmt":"2023-11-30T14:35:51","slug":"em-sessao-solene-camara-entregou-a-medalha-do-merito-legislativo-maneco-dionisio","status":"publish","type":"post","link":"https:\/\/sabuguinho.com.br\/site\/em-sessao-solene-camara-entregou-a-medalha-do-merito-legislativo-maneco-dionisio\/","title":{"rendered":"Em sess\u00e3o solene, C\u00e2mara entregou a Medalha do M\u00e9rito Legislativo Maneco Dion\u00edsio"},"content":{"rendered":"<p>FONTE: Assessoria de Imprensa<\/p>\n<p>Institu\u00edda em 2003, a honraria completa duas d\u00e9cadas de exist\u00eancia e \u00e9 tida como a mais importante homenagem do Poder Legislativo avareense<br \/>\nA 11\u00aa edi\u00e7\u00e3o de outorga da Medalha do M\u00e9rito Legislativo \u201cManeco Dion\u00edsio\u201d foi realizada na noite de quinta-feira, 23, na C\u00e2mara de Vereadores da Est\u00e2ncia Tur\u00edstica de Avar\u00e9. Institu\u00edda em 2003, a honraria completa duas d\u00e9cadas de exist\u00eancia e \u00e9 tida como a mais importante homenagem do Poder Legislativo avareense.<br \/>\nA medalha leva o nome de uma das figuras mais emblem\u00e1ticas da hist\u00f3ria de Avar\u00e9, Manoel Marcelino de Souza Franco, o \u201cManeco Dion\u00edsio\u201d, que foi educador, jornalista, pesquisador, memorialista e art\u00edfice da instala\u00e7\u00e3o do Munic\u00edpio e da C\u00e2mara de Vereadores.<br \/>\nTreze personalidades foram indicadas e tiveram seus nomes aprovados em plen\u00e1rio para receberem a Medalha Maneco Dion\u00edsio: Claudio Mansur Salom\u00e3o; Elizabeth Capecci Siqueira; Elza Castilho Albuquerque; Gerson de Souza; Hadel Aurani; Jo\u00e3o Ant\u00f4nio Guerra J\u00fanior; Jos\u00e9 Luiz Soares de Noronha; Neusania Aparecida Nunes Martins; Rodivaldo Ripoli; Sebasti\u00e3o Francelino da Cruz; Silvana Mota.<br \/>\nFamiliares, autoridades, amigos e p\u00fablico em geral prestigiaram a solenidade, que contou com a leitura da biografia de cada homenageado como forma de apresentar e justificar \u00e0 sociedade as raz\u00f5es para que os indicados recebessem a Medalha Maneco Dion\u00edsio.<\/p>\n<p><img loading=\"lazy\" decoding=\"async\" src=\"https:\/\/sabuguinho.com.br\/site\/wp-content\/uploads\/2023\/11\/Adalgisa-e-Hadel-112x150.jpg\" alt=\"\" width=\"112\" height=\"150\" class=\"alignnone size-medium wp-image-1146\" srcset=\"https:\/\/sabuguinho.com.br\/site\/wp-content\/uploads\/2023\/11\/Adalgisa-e-Hadel-112x150.jpg 112w, https:\/\/sabuguinho.com.br\/site\/wp-content\/uploads\/2023\/11\/Adalgisa-e-Hadel-381x512.jpg 381w, https:\/\/sabuguinho.com.br\/site\/wp-content\/uploads\/2023\/11\/Adalgisa-e-Hadel.jpg 580w\" sizes=\"(max-width: 112px) 100vw, 112px\" \/><\/p>\n<p><img loading=\"lazy\" decoding=\"async\" src=\"https:\/\/sabuguinho.com.br\/site\/wp-content\/uploads\/2023\/11\/Bel-e-Beth-Capecci-112x150.jpg\" alt=\"\" width=\"112\" height=\"150\" class=\"alignnone size-medium wp-image-1151\" srcset=\"https:\/\/sabuguinho.com.br\/site\/wp-content\/uploads\/2023\/11\/Bel-e-Beth-Capecci-112x150.jpg 112w, https:\/\/sabuguinho.com.br\/site\/wp-content\/uploads\/2023\/11\/Bel-e-Beth-Capecci-383x512.jpg 383w, https:\/\/sabuguinho.com.br\/site\/wp-content\/uploads\/2023\/11\/Bel-e-Beth-Capecci.jpg 584w\" sizes=\"(max-width: 112px) 100vw, 112px\" \/><\/p>\n<p><img loading=\"lazy\" decoding=\"async\" src=\"https:\/\/sabuguinho.com.br\/site\/wp-content\/uploads\/2023\/11\/Carlao-e-Ripoli-136x150.jpg\" alt=\"\" width=\"136\" height=\"150\" class=\"alignnone size-medium wp-image-1152\" srcset=\"https:\/\/sabuguinho.com.br\/site\/wp-content\/uploads\/2023\/11\/Carlao-e-Ripoli-136x150.jpg 136w, https:\/\/sabuguinho.com.br\/site\/wp-content\/uploads\/2023\/11\/Carlao-e-Ripoli-463x512.jpg 463w, https:\/\/sabuguinho.com.br\/site\/wp-content\/uploads\/2023\/11\/Carlao-e-Ripoli.jpg 666w\" sizes=\"(max-width: 136px) 100vw, 136px\" \/><\/p>\n<p><img loading=\"lazy\" decoding=\"async\" src=\"https:\/\/sabuguinho.com.br\/site\/wp-content\/uploads\/2023\/11\/Flavio-e-Dr.-Claudio-113x150.jpg\" alt=\"\" width=\"113\" height=\"150\" class=\"alignnone size-medium wp-image-1153\" srcset=\"https:\/\/sabuguinho.com.br\/site\/wp-content\/uploads\/2023\/11\/Flavio-e-Dr.-Claudio-113x150.jpg 113w, https:\/\/sabuguinho.com.br\/site\/wp-content\/uploads\/2023\/11\/Flavio-e-Dr.-Claudio-384x512.jpg 384w, https:\/\/sabuguinho.com.br\/site\/wp-content\/uploads\/2023\/11\/Flavio-e-Dr.-Claudio.jpg 562w\" sizes=\"(max-width: 113px) 100vw, 113px\" \/><\/p>\n<p><img loading=\"lazy\" decoding=\"async\" src=\"https:\/\/sabuguinho.com.br\/site\/wp-content\/uploads\/2023\/11\/Hidalgo-e-Neusania-144x150.jpg\" alt=\"\" width=\"144\" height=\"150\" class=\"alignnone size-medium wp-image-1154\" srcset=\"https:\/\/sabuguinho.com.br\/site\/wp-content\/uploads\/2023\/11\/Hidalgo-e-Neusania-144x150.jpg 144w, https:\/\/sabuguinho.com.br\/site\/wp-content\/uploads\/2023\/11\/Hidalgo-e-Neusania-490x512.jpg 490w, https:\/\/sabuguinho.com.br\/site\/wp-content\/uploads\/2023\/11\/Hidalgo-e-Neusania.jpg 690w\" sizes=\"(max-width: 144px) 100vw, 144px\" \/><\/p>\n<p><img loading=\"lazy\" decoding=\"async\" src=\"https:\/\/sabuguinho.com.br\/site\/wp-content\/uploads\/2023\/11\/Lazao-e-Silvana-150x62.jpg\" alt=\"\" width=\"150\" height=\"62\" class=\"alignnone size-medium wp-image-1155\" srcset=\"https:\/\/sabuguinho.com.br\/site\/wp-content\/uploads\/2023\/11\/Lazao-e-Silvana-150x62.jpg 150w, https:\/\/sabuguinho.com.br\/site\/wp-content\/uploads\/2023\/11\/Lazao-e-Silvana-512x211.jpg 512w, https:\/\/sabuguinho.com.br\/site\/wp-content\/uploads\/2023\/11\/Lazao-e-Silvana-768x316.jpg 768w, https:\/\/sabuguinho.com.br\/site\/wp-content\/uploads\/2023\/11\/Lazao-e-Silvana-750x309.jpg 750w, https:\/\/sabuguinho.com.br\/site\/wp-content\/uploads\/2023\/11\/Lazao-e-Silvana.jpg 1076w\" sizes=\"(max-width: 150px) 100vw, 150px\" \/><\/p>\n<p><img loading=\"lazy\" decoding=\"async\" src=\"https:\/\/sabuguinho.com.br\/site\/wp-content\/uploads\/2023\/11\/Leo-Ripoli-e-Sebastiao-93x150.jpg\" alt=\"\" width=\"93\" height=\"150\" class=\"alignnone size-medium wp-image-1156\" srcset=\"https:\/\/sabuguinho.com.br\/site\/wp-content\/uploads\/2023\/11\/Leo-Ripoli-e-Sebastiao-93x150.jpg 93w, https:\/\/sabuguinho.com.br\/site\/wp-content\/uploads\/2023\/11\/Leo-Ripoli-e-Sebastiao-318x512.jpg 318w, https:\/\/sabuguinho.com.br\/site\/wp-content\/uploads\/2023\/11\/Leo-Ripoli-e-Sebastiao.jpg 486w\" sizes=\"(max-width: 93px) 100vw, 93px\" \/><\/p>\n<p><img loading=\"lazy\" decoding=\"async\" src=\"https:\/\/sabuguinho.com.br\/site\/wp-content\/uploads\/2023\/11\/Luiz-Claudio-e-Joao-Guerra-112x150.jpg\" alt=\"\" width=\"112\" height=\"150\" class=\"alignnone size-medium wp-image-1157\" srcset=\"https:\/\/sabuguinho.com.br\/site\/wp-content\/uploads\/2023\/11\/Luiz-Claudio-e-Joao-Guerra-112x150.jpg 112w, https:\/\/sabuguinho.com.br\/site\/wp-content\/uploads\/2023\/11\/Luiz-Claudio-e-Joao-Guerra-383x512.jpg 383w, https:\/\/sabuguinho.com.br\/site\/wp-content\/uploads\/2023\/11\/Luiz-Claudio-e-Joao-Guerra.jpg 584w\" sizes=\"(max-width: 112px) 100vw, 112px\" \/><\/p>\n<p><img loading=\"lazy\" decoding=\"async\" src=\"https:\/\/sabuguinho.com.br\/site\/wp-content\/uploads\/2023\/11\/Magno-e-Dr.-Jose-Luiz-150x113.jpg\" alt=\"\" width=\"150\" height=\"113\" class=\"alignnone size-medium wp-image-1158\" srcset=\"https:\/\/sabuguinho.com.br\/site\/wp-content\/uploads\/2023\/11\/Magno-e-Dr.-Jose-Luiz-150x113.jpg 150w, https:\/\/sabuguinho.com.br\/site\/wp-content\/uploads\/2023\/11\/Magno-e-Dr.-Jose-Luiz-512x385.jpg 512w, https:\/\/sabuguinho.com.br\/site\/wp-content\/uploads\/2023\/11\/Magno-e-Dr.-Jose-Luiz.jpg 674w\" sizes=\"(max-width: 150px) 100vw, 150px\" \/><\/p>\n<p><img loading=\"lazy\" decoding=\"async\" src=\"https:\/\/sabuguinho.com.br\/site\/wp-content\/uploads\/2023\/11\/Marcelo-e-Amauri-136x150.jpg\" alt=\"\" width=\"136\" height=\"150\" class=\"alignnone size-medium wp-image-1159\" srcset=\"https:\/\/sabuguinho.com.br\/site\/wp-content\/uploads\/2023\/11\/Marcelo-e-Amauri-136x150.jpg 136w, https:\/\/sabuguinho.com.br\/site\/wp-content\/uploads\/2023\/11\/Marcelo-e-Amauri-463x512.jpg 463w, https:\/\/sabuguinho.com.br\/site\/wp-content\/uploads\/2023\/11\/Marcelo-e-Amauri.jpg 586w\" sizes=\"(max-width: 136px) 100vw, 136px\" \/><\/p>\n<p><img loading=\"lazy\" decoding=\"async\" src=\"https:\/\/sabuguinho.com.br\/site\/wp-content\/uploads\/2023\/11\/medalha-maneco-dionisio-150x84.jpg\" alt=\"\" width=\"150\" height=\"84\" class=\"alignnone size-medium wp-image-1160\" srcset=\"https:\/\/sabuguinho.com.br\/site\/wp-content\/uploads\/2023\/11\/medalha-maneco-dionisio-150x84.jpg 150w, https:\/\/sabuguinho.com.br\/site\/wp-content\/uploads\/2023\/11\/medalha-maneco-dionisio-512x288.jpg 512w, https:\/\/sabuguinho.com.br\/site\/wp-content\/uploads\/2023\/11\/medalha-maneco-dionisio-768x432.jpg 768w, https:\/\/sabuguinho.com.br\/site\/wp-content\/uploads\/2023\/11\/medalha-maneco-dionisio-750x422.jpg 750w, https:\/\/sabuguinho.com.br\/site\/wp-content\/uploads\/2023\/11\/medalha-maneco-dionisio.jpg 800w\" sizes=\"(max-width: 150px) 100vw, 150px\" \/><\/p>\n<p><img loading=\"lazy\" decoding=\"async\" src=\"https:\/\/sabuguinho.com.br\/site\/wp-content\/uploads\/2023\/11\/Moacir-Lima-e-Sonia-133x150.jpg\" alt=\"\" width=\"133\" height=\"150\" class=\"alignnone size-medium wp-image-1161\" srcset=\"https:\/\/sabuguinho.com.br\/site\/wp-content\/uploads\/2023\/11\/Moacir-Lima-e-Sonia-133x150.jpg 133w, https:\/\/sabuguinho.com.br\/site\/wp-content\/uploads\/2023\/11\/Moacir-Lima-e-Sonia.jpg 345w\" sizes=\"(max-width: 133px) 100vw, 133px\" \/><\/p>\n<p><img loading=\"lazy\" decoding=\"async\" src=\"https:\/\/sabuguinho.com.br\/site\/wp-content\/uploads\/2023\/11\/Roberto-e-Elzinha-70x150.jpg\" alt=\"\" width=\"70\" height=\"150\" class=\"alignnone size-medium wp-image-1162\" srcset=\"https:\/\/sabuguinho.com.br\/site\/wp-content\/uploads\/2023\/11\/Roberto-e-Elzinha-70x150.jpg 70w, https:\/\/sabuguinho.com.br\/site\/wp-content\/uploads\/2023\/11\/Roberto-e-Elzinha-240x512.jpg 240w, https:\/\/sabuguinho.com.br\/site\/wp-content\/uploads\/2023\/11\/Roberto-e-Elzinha.jpg 366w\" sizes=\"(max-width: 70px) 100vw, 70px\" \/><\/p>\n","protected":false},"excerpt":{"rendered":"<p>FONTE: Assessoria de Imprensa Institu\u00edda em 2003, a honraria completa duas d\u00e9cadas de exist\u00eancia e \u00e9 tida como a mais importante homenagem do Poder Legislativo avareense A 11\u00aa edi\u00e7\u00e3o de outorga da Medalha do M\u00e9rito Legislativo \u201cManeco Dion\u00edsio\u201d foi realizada na noite de quinta-feira, 23, na C\u00e2mara de Vereadores da Est\u00e2ncia Tur\u00edstica de Avar\u00e9. Institu\u00edda [&hellip;]<\/p>\n","protected":false},"author":2,"featured_media":1147,"comment_status":"open","ping_status":"open","sticky":false,"template":"","format":"standard","meta":{"footnotes":""},"categories":[58],"tags":[],"_links":{"self":[{"href":"https:\/\/sabuguinho.com.br\/site\/wp-json\/wp\/v2\/posts\/1145"}],"collection":[{"href":"https:\/\/sabuguinho.com.br\/site\/wp-json\/wp\/v2\/posts"}],"about":[{"href":"https:\/\/sabuguinho.com.br\/site\/wp-json\/wp\/v2\/types\/post"}],"author":[{"embeddable":true,"href":"https:\/\/sabuguinho.com.br\/site\/wp-json\/wp\/v2\/users\/2"}],"replies":[{"embeddable":true,"href":"https:\/\/sabuguinho.com.br\/site\/wp-json\/wp\/v2\/comments?post=1145"}],"version-history":[{"count":3,"href":"https:\/\/sabuguinho.com.br\/site\/wp-json\/wp\/v2\/posts\/1145\/revisions"}],"predecessor-version":[{"id":1164,"href":"https:\/\/sabuguinho.com.br\/site\/wp-json\/wp\/v2\/posts\/1145\/revisions\/1164"}],"wp:featuredmedia":[{"embeddable":true,"href":"https:\/\/sabuguinho.com.br\/site\/wp-json\/wp\/v2\/media\/1147"}],"wp:attachment":[{"href":"https:\/\/sabuguinho.com.br\/site\/wp-json\/wp\/v2\/media?parent=1145"}],"wp:term":[{"taxonomy":"category","embeddable":true,"href":"https:\/\/sabuguinho.com.br\/site\/wp-json\/wp\/v2\/categories?post=1145"},{"taxonomy":"post_tag","embeddable":true,"href":"https:\/\/sabuguinho.com.br\/site\/wp-json\/wp\/v2\/tags?post=1145"}],"curies":[{"name":"wp","href":"https:\/\/api.w.org\/{rel}","templated":true}]}}