{"id":11323,"date":"2024-08-29T15:32:38","date_gmt":"2024-08-29T18:32:38","guid":{"rendered":"https:\/\/sabuguinho.com.br\/site\/?p=11323"},"modified":"2024-08-29T15:32:38","modified_gmt":"2024-08-29T18:32:38","slug":"nadador-gabriel-araujo-conquista-1o-ouro-do-brasil-na-paralimpiada","status":"publish","type":"post","link":"https:\/\/sabuguinho.com.br\/site\/nadador-gabriel-araujo-conquista-1o-ouro-do-brasil-na-paralimpiada\/","title":{"rendered":"Nadador Gabriel Ara\u00fajo conquista 1\u00ba ouro do Brasil na Paralimp\u00edada"},"content":{"rendered":"<p>Mineiro de Santa Luzia vence de ponta a ponta a prova dos 100m costas<\/p>\n<p>O primeiro ouro do Brasil nos Jogos Paral\u00edmpicos de Paris n\u00e3o tardou. Nesta quinta-feira (29), dia de abertura das competi\u00e7\u00f5es na Fran\u00e7a, o nadador mineiro Gabriel Ara\u00fajo, o Gabrielzinho, venceu os 100 metros nado costas da classe S2 (atletas com grande comprometimento f\u00edsico e motor), com o tempo de 1min53s67. Esta \u00e9 a quarta medalha paral\u00edmpica da carreira do atleta, de 22 anos, que conquistou dois ouros e uma prata &#8211; nesta mesma prova &#8211; em T\u00f3quio.<br \/>\nGabrielzinho, atual campe\u00e3o mundial nos 100 metros costas, n\u00e3o foi incomodado durante toda a prova, terminando quase oito segundos \u00e0 frente do medalhista de prata, o russo Vladimir Danilenko, que competiu sob bandeira neutra. O terceiro colocado foi o chileno Alberto Abarza Diaz.<br \/>\nO mineiro, nascido em Santa Luzia, regi\u00e3o metropolitana de Belo Horizonte, ainda tem mais quatro provas para nadar em Paris: os 50 metros costas e 200 livre na classe S2, al\u00e9m dos 50 livre e 150 medley na S3, classe com atletas com um grau de comprometimento menor que a S2.<br \/>\nO nadador \u00e9 uma das principais protagonistas do esporte paral\u00edmpico brasileiro, tendo inclusive sido porta-bandeira do pa\u00eds na cerim\u00f4nia de abertura dos Jogos, na \u00faltima quarta (28).<br \/>\nGabrielzinho nasceu com focomelia, doen\u00e7a cong\u00eanita que impede a forma\u00e7\u00e3o normal de bra\u00e7os e pernas. Ele come\u00e7ou a nadar em Juiz de Fora (MG).<\/p>\n<p>Edi\u00e7\u00e3o: Cl\u00e1udia Soares Rodrigues<\/p>\n<p><img loading=\"lazy\" decoding=\"async\" src=\"https:\/\/sabuguinho.com.br\/site\/wp-content\/uploads\/2024\/08\/gabriel_araujo_ouro_50m_natacao_paralimpiada_2024-150x90.webp\" alt=\"\" width=\"150\" height=\"90\" class=\"alignnone size-medium wp-image-11324\" srcset=\"https:\/\/sabuguinho.com.br\/site\/wp-content\/uploads\/2024\/08\/gabriel_araujo_ouro_50m_natacao_paralimpiada_2024-150x90.webp 150w, https:\/\/sabuguinho.com.br\/site\/wp-content\/uploads\/2024\/08\/gabriel_araujo_ouro_50m_natacao_paralimpiada_2024-512x306.webp 512w, https:\/\/sabuguinho.com.br\/site\/wp-content\/uploads\/2024\/08\/gabriel_araujo_ouro_50m_natacao_paralimpiada_2024-768x459.webp 768w, https:\/\/sabuguinho.com.br\/site\/wp-content\/uploads\/2024\/08\/gabriel_araujo_ouro_50m_natacao_paralimpiada_2024-750x449.webp 750w, https:\/\/sabuguinho.com.br\/site\/wp-content\/uploads\/2024\/08\/gabriel_araujo_ouro_50m_natacao_paralimpiada_2024-1140x682.webp 1140w, https:\/\/sabuguinho.com.br\/site\/wp-content\/uploads\/2024\/08\/gabriel_araujo_ouro_50m_natacao_paralimpiada_2024.webp 1170w\" sizes=\"(max-width: 150px) 100vw, 150px\" \/><\/p>\n","protected":false},"excerpt":{"rendered":"<p>Mineiro de Santa Luzia vence de ponta a ponta a prova dos 100m costas O primeiro ouro do Brasil nos Jogos Paral\u00edmpicos de Paris n\u00e3o tardou. Nesta quinta-feira (29), dia de abertura das competi\u00e7\u00f5es na Fran\u00e7a, o nadador mineiro Gabriel Ara\u00fajo, o Gabrielzinho, venceu os 100 metros nado costas da classe S2 (atletas com grande [&hellip;]<\/p>\n","protected":false},"author":2,"featured_media":11325,"comment_status":"open","ping_status":"open","sticky":false,"template":"","format":"standard","meta":{"footnotes":""},"categories":[45],"tags":[],"_links":{"self":[{"href":"https:\/\/sabuguinho.com.br\/site\/wp-json\/wp\/v2\/posts\/11323"}],"collection":[{"href":"https:\/\/sabuguinho.com.br\/site\/wp-json\/wp\/v2\/posts"}],"about":[{"href":"https:\/\/sabuguinho.com.br\/site\/wp-json\/wp\/v2\/types\/post"}],"author":[{"embeddable":true,"href":"https:\/\/sabuguinho.com.br\/site\/wp-json\/wp\/v2\/users\/2"}],"replies":[{"embeddable":true,"href":"https:\/\/sabuguinho.com.br\/site\/wp-json\/wp\/v2\/comments?post=11323"}],"version-history":[{"count":1,"href":"https:\/\/sabuguinho.com.br\/site\/wp-json\/wp\/v2\/posts\/11323\/revisions"}],"predecessor-version":[{"id":11326,"href":"https:\/\/sabuguinho.com.br\/site\/wp-json\/wp\/v2\/posts\/11323\/revisions\/11326"}],"wp:featuredmedia":[{"embeddable":true,"href":"https:\/\/sabuguinho.com.br\/site\/wp-json\/wp\/v2\/media\/11325"}],"wp:attachment":[{"href":"https:\/\/sabuguinho.com.br\/site\/wp-json\/wp\/v2\/media?parent=11323"}],"wp:term":[{"taxonomy":"category","embeddable":true,"href":"https:\/\/sabuguinho.com.br\/site\/wp-json\/wp\/v2\/categories?post=11323"},{"taxonomy":"post_tag","embeddable":true,"href":"https:\/\/sabuguinho.com.br\/site\/wp-json\/wp\/v2\/tags?post=11323"}],"curies":[{"name":"wp","href":"https:\/\/api.w.org\/{rel}","templated":true}]}}