{"id":11313,"date":"2024-08-29T15:05:18","date_gmt":"2024-08-29T18:05:18","guid":{"rendered":"https:\/\/sabuguinho.com.br\/site\/?p=11313"},"modified":"2024-08-29T15:05:18","modified_gmt":"2024-08-29T18:05:18","slug":"velorio-de-izquierdo-caixao-chega-a-sede-do-nacional-uru-para-despedida","status":"publish","type":"post","link":"https:\/\/sabuguinho.com.br\/site\/velorio-de-izquierdo-caixao-chega-a-sede-do-nacional-uru-para-despedida\/","title":{"rendered":"Vel\u00f3rio de Izquierdo: caix\u00e3o chega \u00e0 sede do Nacional-URU para despedida"},"content":{"rendered":"<p>Fam\u00edlia do zagueiro uruguaio tem momento reservado antes de espa\u00e7o ser aberto ao p\u00fablico<\/p>\n<p>Por Reda\u00e7\u00e3o do ge<\/p>\n<p>Amparado pela bandeira do Nacional-URU, o caix\u00e3o com o corpo de Juan Izquierdo chegou na manh\u00e3 desta quinta-feira \u00e0 sede social do clube, em Montevid\u00e9u. Antes de o vel\u00f3rio ser aberto ao p\u00fablico, a fam\u00edlia do zagueiro uruguaio tem cerca de tr\u00eas horas de momento \u00edntimo para se despedir do jogador, que morreu na noite de ter\u00e7a.<br \/>\nIzquierdo tinha 27 anos e n\u00e3o resistiu a um mal s\u00fabito durante jogo contra o S\u00e3o Paulo, pela Conmebol Libertadores, h\u00e1 uma semana. Ele faleceu em decorr\u00eancia de morte encef\u00e1lica ap\u00f3s uma parada cardiorrespirat\u00f3ria associada \u00e0 arritmia card\u00edaca.<\/p>\n<p><img loading=\"lazy\" decoding=\"async\" src=\"https:\/\/sabuguinho.com.br\/site\/wp-content\/uploads\/2024\/08\/captura-de-tela-2024-08-29-080700-150x73.jpeg\" alt=\"\" width=\"150\" height=\"73\" class=\"alignnone size-medium wp-image-11314\" srcset=\"https:\/\/sabuguinho.com.br\/site\/wp-content\/uploads\/2024\/08\/captura-de-tela-2024-08-29-080700-150x73.jpeg 150w, https:\/\/sabuguinho.com.br\/site\/wp-content\/uploads\/2024\/08\/captura-de-tela-2024-08-29-080700-512x250.jpeg 512w, https:\/\/sabuguinho.com.br\/site\/wp-content\/uploads\/2024\/08\/captura-de-tela-2024-08-29-080700.jpeg 600w\" sizes=\"(max-width: 150px) 100vw, 150px\" \/><\/p>\n<p>Legenda<br \/>\nCaix\u00e3o com corpo de Izquierdo carregado para vel\u00f3rio na sede social do Nacional-URU \u2014 Foto: Reprodu\u00e7\u00e3o \/ Telemundo<\/p>\n<p>O p\u00fablico poder\u00e1 participar do vel\u00f3rio durante duas horas. Cinco jogadores do S\u00e3o Paulo estar\u00e3o presentes &#8211; o lateral Rafinha, os meias Wellington Rato, Galoppo e Michel Ara\u00fajo, e o atacante Calleri -, al\u00e9m do vice-presidente do clube, Harry Massis. Um funeral n\u00e3o est\u00e1 programado.<br \/>\nO governo do Uruguai cedeu uma aeronave da For\u00e7a A\u00e9rea para o translado do corpo at\u00e9 Montevid\u00e9u, e o caix\u00e3o chegou a solo uruguaio no in\u00edcio da madrugada desta quinta. Horas antes, outro avi\u00e3o trouxera familiares do jogador que estavam no Brasil acompanhando a situa\u00e7\u00e3o.<\/p>\n<p><img loading=\"lazy\" decoding=\"async\" src=\"https:\/\/sabuguinho.com.br\/site\/wp-content\/uploads\/2024\/08\/000-36ez3t9-150x100.jpg\" alt=\"\" width=\"150\" height=\"100\" class=\"alignnone size-medium wp-image-11315\" srcset=\"https:\/\/sabuguinho.com.br\/site\/wp-content\/uploads\/2024\/08\/000-36ez3t9-150x100.jpg 150w, https:\/\/sabuguinho.com.br\/site\/wp-content\/uploads\/2024\/08\/000-36ez3t9-512x341.jpg 512w, https:\/\/sabuguinho.com.br\/site\/wp-content\/uploads\/2024\/08\/000-36ez3t9.jpg 600w\" sizes=\"(max-width: 150px) 100vw, 150px\" \/><\/p>\n<p>Legenda<br \/>\nSede social do Nacional-URU com homenagens a Izquierdo \u2014 Foto: Eitan Abramovich \/ AFP<\/p>\n<p>Izquierdo teve uma arritmia card\u00edaca durante a partida S\u00e3o Paulo x Nacional-URU, no Morumbis, na quinta passada, e foi levado \u00e0s pressas para o Hospital Israelita Albert Einstein. O jogador passou cinco dias internado na Unidade de Terapia Intensiva, dependente de respira\u00e7\u00e3o mec\u00e2nica. No domingo, novos exames identificaram o agravamento do caso, com comprometimento cerebral e aumento da press\u00e3o intracraniana. O falecimento do atleta foi decretado dois dias depois.<\/p>\n","protected":false},"excerpt":{"rendered":"<p>Fam\u00edlia do zagueiro uruguaio tem momento reservado antes de espa\u00e7o ser aberto ao p\u00fablico Por Reda\u00e7\u00e3o do ge Amparado pela bandeira do Nacional-URU, o caix\u00e3o com o corpo de Juan Izquierdo chegou na manh\u00e3 desta quinta-feira \u00e0 sede social do clube, em Montevid\u00e9u. Antes de o vel\u00f3rio ser aberto ao p\u00fablico, a fam\u00edlia do zagueiro [&hellip;]<\/p>\n","protected":false},"author":2,"featured_media":11318,"comment_status":"open","ping_status":"open","sticky":false,"template":"","format":"standard","meta":{"footnotes":""},"categories":[45],"tags":[],"_links":{"self":[{"href":"https:\/\/sabuguinho.com.br\/site\/wp-json\/wp\/v2\/posts\/11313"}],"collection":[{"href":"https:\/\/sabuguinho.com.br\/site\/wp-json\/wp\/v2\/posts"}],"about":[{"href":"https:\/\/sabuguinho.com.br\/site\/wp-json\/wp\/v2\/types\/post"}],"author":[{"embeddable":true,"href":"https:\/\/sabuguinho.com.br\/site\/wp-json\/wp\/v2\/users\/2"}],"replies":[{"embeddable":true,"href":"https:\/\/sabuguinho.com.br\/site\/wp-json\/wp\/v2\/comments?post=11313"}],"version-history":[{"count":1,"href":"https:\/\/sabuguinho.com.br\/site\/wp-json\/wp\/v2\/posts\/11313\/revisions"}],"predecessor-version":[{"id":11319,"href":"https:\/\/sabuguinho.com.br\/site\/wp-json\/wp\/v2\/posts\/11313\/revisions\/11319"}],"wp:featuredmedia":[{"embeddable":true,"href":"https:\/\/sabuguinho.com.br\/site\/wp-json\/wp\/v2\/media\/11318"}],"wp:attachment":[{"href":"https:\/\/sabuguinho.com.br\/site\/wp-json\/wp\/v2\/media?parent=11313"}],"wp:term":[{"taxonomy":"category","embeddable":true,"href":"https:\/\/sabuguinho.com.br\/site\/wp-json\/wp\/v2\/categories?post=11313"},{"taxonomy":"post_tag","embeddable":true,"href":"https:\/\/sabuguinho.com.br\/site\/wp-json\/wp\/v2\/tags?post=11313"}],"curies":[{"name":"wp","href":"https:\/\/api.w.org\/{rel}","templated":true}]}}