{"id":11307,"date":"2024-08-29T11:14:32","date_gmt":"2024-08-29T14:14:32","guid":{"rendered":"https:\/\/sabuguinho.com.br\/site\/?p=11307"},"modified":"2024-08-29T11:14:32","modified_gmt":"2024-08-29T14:14:32","slug":"camara-aprova-aplicacao-obrigatoria-do-m-chat-para-identificacao-do-autismo","status":"publish","type":"post","link":"https:\/\/sabuguinho.com.br\/site\/camara-aprova-aplicacao-obrigatoria-do-m-chat-para-identificacao-do-autismo\/","title":{"rendered":"C\u00e2mara aprova aplica\u00e7\u00e3o obrigat\u00f3ria do M-Chat para identifica\u00e7\u00e3o do autismo"},"content":{"rendered":"<p>FONTE: ASSESSORIA<\/p>\n<p>Na \u00faltima ter\u00e7a-feira, 27, o Projeto de Lei de autoria da vereadora Carla Flores, que estabelece a obrigatoriedade da aplica\u00e7\u00e3o do question\u00e1rio M-CHAT em todas as unidades de sa\u00fade p\u00fablicas e privadas do munic\u00edpio, foi aprovado por unanimidade na C\u00e2mara Municipal.<br \/>\nA aprova\u00e7\u00e3o dessa lei representa um avan\u00e7o significativo para a sa\u00fade infantil em nossa cidade. O M-CHAT, um question\u00e1rio simples e acess\u00edvel, \u00e9 utilizado para identificar precocemente sinais de Transtorno do Espectro Autista (TEA) em crian\u00e7as pequenas, permitindo que pais e profissionais de sa\u00fade possam intervir mais cedo e de forma mais eficaz.<br \/>\nEssa medida foi amplamente elogiada por seus benef\u00edcios diretos \u00e0s fam\u00edlias e por promover uma inclus\u00e3o real no sistema de sa\u00fade. Ao tornar o M-CHAT obrigat\u00f3rio, garantimos que todas as crian\u00e7as, independentemente de sua situa\u00e7\u00e3o, tenham a oportunidade de um diagn\u00f3stico precoce, essencial para seu desenvolvimento e qualidade de vida.<br \/>\n&#8220;A aprova\u00e7\u00e3o un\u00e2nime deste projeto reflete o compromisso de todos n\u00f3s em cuidar das nossas crian\u00e7as com aten\u00e7\u00e3o e responsabilidade. Fico imensamente grata pelo apoio e reconhecimento dessa importante iniciativa&#8221;, afirmou a vereadora Carla Flores.<br \/>\nEsse projeto n\u00e3o s\u00f3 refor\u00e7a o compromisso da vereadora com a sa\u00fade p\u00fablica, mas tamb\u00e9m destaca a import\u00e2ncia de pol\u00edticas que colocam as pessoas em primeiro lugar, buscando sempre o bem-estar da nossa comunidade.<\/p>\n<p>:<\/p>\n<p>legenda: Question\u00e1rio dever\u00e1 ser utilizado nas unidades b\u00e1sicas de sa\u00fade do munic\u00edpio. Projeto aprovado \u00e9 de autoria da vereadora Carla Flores<\/p>\n","protected":false},"excerpt":{"rendered":"<p>FONTE: ASSESSORIA Na \u00faltima ter\u00e7a-feira, 27, o Projeto de Lei de autoria da vereadora Carla Flores, que estabelece a obrigatoriedade da aplica\u00e7\u00e3o do question\u00e1rio M-CHAT em todas as unidades de sa\u00fade p\u00fablicas e privadas do munic\u00edpio, foi aprovado por unanimidade na C\u00e2mara Municipal. A aprova\u00e7\u00e3o dessa lei representa um avan\u00e7o significativo para a sa\u00fade infantil [&hellip;]<\/p>\n","protected":false},"author":2,"featured_media":11308,"comment_status":"open","ping_status":"open","sticky":false,"template":"","format":"standard","meta":{"footnotes":""},"categories":[58],"tags":[],"_links":{"self":[{"href":"https:\/\/sabuguinho.com.br\/site\/wp-json\/wp\/v2\/posts\/11307"}],"collection":[{"href":"https:\/\/sabuguinho.com.br\/site\/wp-json\/wp\/v2\/posts"}],"about":[{"href":"https:\/\/sabuguinho.com.br\/site\/wp-json\/wp\/v2\/types\/post"}],"author":[{"embeddable":true,"href":"https:\/\/sabuguinho.com.br\/site\/wp-json\/wp\/v2\/users\/2"}],"replies":[{"embeddable":true,"href":"https:\/\/sabuguinho.com.br\/site\/wp-json\/wp\/v2\/comments?post=11307"}],"version-history":[{"count":1,"href":"https:\/\/sabuguinho.com.br\/site\/wp-json\/wp\/v2\/posts\/11307\/revisions"}],"predecessor-version":[{"id":11309,"href":"https:\/\/sabuguinho.com.br\/site\/wp-json\/wp\/v2\/posts\/11307\/revisions\/11309"}],"wp:featuredmedia":[{"embeddable":true,"href":"https:\/\/sabuguinho.com.br\/site\/wp-json\/wp\/v2\/media\/11308"}],"wp:attachment":[{"href":"https:\/\/sabuguinho.com.br\/site\/wp-json\/wp\/v2\/media?parent=11307"}],"wp:term":[{"taxonomy":"category","embeddable":true,"href":"https:\/\/sabuguinho.com.br\/site\/wp-json\/wp\/v2\/categories?post=11307"},{"taxonomy":"post_tag","embeddable":true,"href":"https:\/\/sabuguinho.com.br\/site\/wp-json\/wp\/v2\/tags?post=11307"}],"curies":[{"name":"wp","href":"https:\/\/api.w.org\/{rel}","templated":true}]}}