{"id":11301,"date":"2024-08-29T04:08:32","date_gmt":"2024-08-29T07:08:32","guid":{"rendered":"https:\/\/sabuguinho.com.br\/site\/?p=11301"},"modified":"2024-08-29T04:08:32","modified_gmt":"2024-08-29T07:08:32","slug":"camara-de-avare-aprova-criacao-do-conselho-municipal-do-bem-estar-dos-animais","status":"publish","type":"post","link":"https:\/\/sabuguinho.com.br\/site\/camara-de-avare-aprova-criacao-do-conselho-municipal-do-bem-estar-dos-animais\/","title":{"rendered":"C\u00e2mara de Avar\u00e9 aprova cria\u00e7\u00e3o do Conselho Municipal do Bem-Estar dos Animais"},"content":{"rendered":"<p>A C\u00e2mara de Vereadores de Avar\u00e9 aprovou durante a sess\u00e3o ordin\u00e1ria de 27 de agosto a cria\u00e7\u00e3o do Conselho Municipal do Bem-Estar dos Animais e do Fundo Municipal de Prote\u00e7\u00e3o e Bem-Estar Animal. A propositura foi aprovada por unanimidade.<br \/>\nSegundo o projeto aprovado, o conselho possui como finalidade estudar e propor as diretrizes para a formula\u00e7\u00e3o e a implementa\u00e7\u00e3o das pol\u00edticas municipais de prote\u00e7\u00e3o e defesa dos animais. Vinculado \u00e0 Secretaria Municipal de Agricultura, o conselho tem como principal objetivo a busca de condi\u00e7\u00f5es necess\u00e1rias para a defesa, prote\u00e7\u00e3o, dignidade e direitos dos animais nativos, ex\u00f3ticos, selvagens ou dom\u00e9sticos.<br \/>\nEntre as compet\u00eancias do Conselho est\u00e3o a prote\u00e7\u00e3o e defesa dos animais, a conscientiza\u00e7\u00e3o da popula\u00e7\u00e3o sobre a necessidade de adotar os princ\u00edpios da posse respons\u00e1vel e a defesa dos animais feridos e abandonados.<br \/>\nA propositura tamb\u00e9m visa buscar junto \u00e0s esferas de governo o aprimoramento da legisla\u00e7\u00e3o e dos servi\u00e7os de prote\u00e7\u00e3o aos animais. O Conselho Municipal do Bem-Estar dos Animais \u00e9 um \u00f3rg\u00e3o parit\u00e1rio e ser\u00e1 composto por 12 membros titulares e um n\u00famero igual de suplentes.<br \/>\nO \u00f3rg\u00e3o dever\u00e1 ser composto por representantes das secretarias da Agricultura, Sa\u00fade, Meio Ambiente, Educa\u00e7\u00e3o e da Defesa Civil; tamb\u00e9m ir\u00e3o compor representantes das cl\u00ednicas veterin\u00e1rias, da Ordem dos Advogados do Brasil, de organiza\u00e7\u00f5es n\u00e3o governamentais relacionada \u00e0 educa\u00e7\u00e3o ambiental, de protetores independentes e de Institui\u00e7\u00f5es de Ensino Superior.<br \/>\nA lei aprovada pela C\u00e2mara de Avar\u00e9 tamb\u00e9m estabelece a cria\u00e7\u00e3o do Fundo Municipal de Prote\u00e7\u00e3o e Bem-Estar Animal, que ter\u00e1 como finalidade captar e aplicar recursos visando o financiamento, investimento, expans\u00e3o, implanta\u00e7\u00e3o e aprimoramento das a\u00e7\u00f5es voltadas \u00e0 prote\u00e7\u00e3o e bem-estar dos animais. Os recursos ser\u00e3o destinados a a\u00e7\u00f5es, programas e projetos que contemplem o incentivo da posse respons\u00e1vel, apoio a projetos relativos a causa e promo\u00e7\u00e3o de medidas educativas e de conscientiza\u00e7\u00e3o.<br \/>\nA propositura passou pela Divis\u00e3o Jur\u00eddica da C\u00e2mara e pelas comiss\u00f5es de Constitui\u00e7\u00e3o, Justi\u00e7a e Reda\u00e7\u00e3o; Finan\u00e7as, Or\u00e7amento e Direito do Consumidor e de Servi\u00e7os, Obras e Administra\u00e7\u00e3o P\u00fablica. A lei segue agora para san\u00e7\u00e3o e publica\u00e7\u00e3o pelo Poder Executivo.<br \/>\n&#8211;<\/p>\n","protected":false},"excerpt":{"rendered":"<p>A C\u00e2mara de Vereadores de Avar\u00e9 aprovou durante a sess\u00e3o ordin\u00e1ria de 27 de agosto a cria\u00e7\u00e3o do Conselho Municipal do Bem-Estar dos Animais e do Fundo Municipal de Prote\u00e7\u00e3o e Bem-Estar Animal. A propositura foi aprovada por unanimidade. Segundo o projeto aprovado, o conselho possui como finalidade estudar e propor as diretrizes para a [&hellip;]<\/p>\n","protected":false},"author":2,"featured_media":2080,"comment_status":"open","ping_status":"open","sticky":false,"template":"","format":"standard","meta":{"footnotes":""},"categories":[58],"tags":[],"_links":{"self":[{"href":"https:\/\/sabuguinho.com.br\/site\/wp-json\/wp\/v2\/posts\/11301"}],"collection":[{"href":"https:\/\/sabuguinho.com.br\/site\/wp-json\/wp\/v2\/posts"}],"about":[{"href":"https:\/\/sabuguinho.com.br\/site\/wp-json\/wp\/v2\/types\/post"}],"author":[{"embeddable":true,"href":"https:\/\/sabuguinho.com.br\/site\/wp-json\/wp\/v2\/users\/2"}],"replies":[{"embeddable":true,"href":"https:\/\/sabuguinho.com.br\/site\/wp-json\/wp\/v2\/comments?post=11301"}],"version-history":[{"count":1,"href":"https:\/\/sabuguinho.com.br\/site\/wp-json\/wp\/v2\/posts\/11301\/revisions"}],"predecessor-version":[{"id":11302,"href":"https:\/\/sabuguinho.com.br\/site\/wp-json\/wp\/v2\/posts\/11301\/revisions\/11302"}],"wp:featuredmedia":[{"embeddable":true,"href":"https:\/\/sabuguinho.com.br\/site\/wp-json\/wp\/v2\/media\/2080"}],"wp:attachment":[{"href":"https:\/\/sabuguinho.com.br\/site\/wp-json\/wp\/v2\/media?parent=11301"}],"wp:term":[{"taxonomy":"category","embeddable":true,"href":"https:\/\/sabuguinho.com.br\/site\/wp-json\/wp\/v2\/categories?post=11301"},{"taxonomy":"post_tag","embeddable":true,"href":"https:\/\/sabuguinho.com.br\/site\/wp-json\/wp\/v2\/tags?post=11301"}],"curies":[{"name":"wp","href":"https:\/\/api.w.org\/{rel}","templated":true}]}}