{"id":11278,"date":"2024-08-28T14:44:32","date_gmt":"2024-08-28T17:44:32","guid":{"rendered":"https:\/\/sabuguinho.com.br\/site\/?p=11278"},"modified":"2024-08-28T14:44:32","modified_gmt":"2024-08-28T17:44:32","slug":"aprovada-a-criacao-do-centro-especializado-de-pessoas-com-tea-em-avare","status":"publish","type":"post","link":"https:\/\/sabuguinho.com.br\/site\/aprovada-a-criacao-do-centro-especializado-de-pessoas-com-tea-em-avare\/","title":{"rendered":"Aprovada a cria\u00e7\u00e3o do Centro Especializado de Pessoas com TEA em Avar\u00e9"},"content":{"rendered":"<p>A C\u00e2mara de Vereadores de Avar\u00e9 aprovou o projeto de lei que autoriza a cria\u00e7\u00e3o do Centro Especializado de Pessoas com Transtorno do Espectro Autista (TEA) na Est\u00e2ncia Tur\u00edstica. A proposta foi aprovada, por unanimidade, na sess\u00e3o ordin\u00e1ria de 27 de agosto.<br \/>\nO Centro de Refer\u00eancia da Pessoa com Transtorno do Espectro Autista promover\u00e1 atendimento psicossocial, atendimento m\u00e9dico e agendamento de consultas, a\u00e7\u00f5es e programas de inclus\u00e3o em modalidades esportivas, a\u00e7\u00f5es de inclus\u00e3o social e programas de informa\u00e7\u00e3o social sobre o TEA.<\/p>\n<p> A iniciativa tamb\u00e9m ir\u00e1 promover a\u00e7\u00f5es e programas que integrem pessoas com TEA em programas de educa\u00e7\u00e3o e sa\u00fade, al\u00e9m dos seus familiares; atividades em conjunto com entidades que promovam a intera\u00e7\u00e3o, recupera\u00e7\u00e3o e tratamento das pessoas com TEA em terapias com animais, fonoaudiologia, pediatria, fisioterapia, psicologia e neurologia.<br \/>\nO Centro tamb\u00e9m est\u00e1 autorizado a realizar estudos e divulgar periodicamente informa\u00e7\u00f5es e relat\u00f3rios que envolvam a popula\u00e7\u00e3o com TEA, com o objetivo de facilitar a utiliza\u00e7\u00e3o dos servi\u00e7os p\u00fablicos existentes pela popula\u00e7\u00e3o atendida.<br \/>\nA lei autoriza o Poder Executivo a firmar conv\u00eanio ou parceria com organiza\u00e7\u00f5es e institui\u00e7\u00f5es para a realiza\u00e7\u00e3o de trabalhos e projetos de desenvolvimento intelectual e motor das pessoas com TEA.<br \/>\n\u201cEsses servi\u00e7os visam melhorar a qualidade de vida, promover a inclus\u00e3o social, educacional e profissional, e garantir cuidados de sa\u00fade integrados e especializados para pessoas com TEA\u201d, diz a justificativa do projeto de lei.<br \/>\nO projeto de lei passou pela Divis\u00e3o Jur\u00eddica da C\u00e2mara de Avar\u00e9 e pelas comiss\u00f5es de Constitui\u00e7\u00e3o, Justi\u00e7a e Reda\u00e7\u00e3o; Finan\u00e7as, Or\u00e7amento e Direito do Consumidor; e de Sa\u00fade, Promo\u00e7\u00e3o Social, Meio Ambiente e Direitos Humanos.<br \/>\nA lei segue agora para san\u00e7\u00e3o e publica\u00e7\u00e3o nos canais oficiais do Poder Executivo.<\/p>\n","protected":false},"excerpt":{"rendered":"<p>A C\u00e2mara de Vereadores de Avar\u00e9 aprovou o projeto de lei que autoriza a cria\u00e7\u00e3o do Centro Especializado de Pessoas com Transtorno do Espectro Autista (TEA) na Est\u00e2ncia Tur\u00edstica. A proposta foi aprovada, por unanimidade, na sess\u00e3o ordin\u00e1ria de 27 de agosto. O Centro de Refer\u00eancia da Pessoa com Transtorno do Espectro Autista promover\u00e1 atendimento [&hellip;]<\/p>\n","protected":false},"author":2,"featured_media":10985,"comment_status":"open","ping_status":"open","sticky":false,"template":"","format":"standard","meta":{"footnotes":""},"categories":[58],"tags":[],"_links":{"self":[{"href":"https:\/\/sabuguinho.com.br\/site\/wp-json\/wp\/v2\/posts\/11278"}],"collection":[{"href":"https:\/\/sabuguinho.com.br\/site\/wp-json\/wp\/v2\/posts"}],"about":[{"href":"https:\/\/sabuguinho.com.br\/site\/wp-json\/wp\/v2\/types\/post"}],"author":[{"embeddable":true,"href":"https:\/\/sabuguinho.com.br\/site\/wp-json\/wp\/v2\/users\/2"}],"replies":[{"embeddable":true,"href":"https:\/\/sabuguinho.com.br\/site\/wp-json\/wp\/v2\/comments?post=11278"}],"version-history":[{"count":1,"href":"https:\/\/sabuguinho.com.br\/site\/wp-json\/wp\/v2\/posts\/11278\/revisions"}],"predecessor-version":[{"id":11279,"href":"https:\/\/sabuguinho.com.br\/site\/wp-json\/wp\/v2\/posts\/11278\/revisions\/11279"}],"wp:featuredmedia":[{"embeddable":true,"href":"https:\/\/sabuguinho.com.br\/site\/wp-json\/wp\/v2\/media\/10985"}],"wp:attachment":[{"href":"https:\/\/sabuguinho.com.br\/site\/wp-json\/wp\/v2\/media?parent=11278"}],"wp:term":[{"taxonomy":"category","embeddable":true,"href":"https:\/\/sabuguinho.com.br\/site\/wp-json\/wp\/v2\/categories?post=11278"},{"taxonomy":"post_tag","embeddable":true,"href":"https:\/\/sabuguinho.com.br\/site\/wp-json\/wp\/v2\/tags?post=11278"}],"curies":[{"name":"wp","href":"https:\/\/api.w.org\/{rel}","templated":true}]}}