{"id":11272,"date":"2024-08-28T14:03:47","date_gmt":"2024-08-28T17:03:47","guid":{"rendered":"https:\/\/sabuguinho.com.br\/site\/?p=11272"},"modified":"2024-08-28T14:03:47","modified_gmt":"2024-08-28T17:03:47","slug":"festa-da-padroeira-ocorrera-em-setembro-em-avare","status":"publish","type":"post","link":"https:\/\/sabuguinho.com.br\/site\/festa-da-padroeira-ocorrera-em-setembro-em-avare\/","title":{"rendered":"FESTA DA PADROEIRA OCORRER\u00c1 EM SETEMBRO EM AVAR\u00c9"},"content":{"rendered":"<p>Avar\u00e9 se prepara para celebrar a Festa da Padroeira Nossa Senhora das Dores. Entre os dias 6 e 15 de setembro, a cidade ser\u00e1 palco de uma grande celebra\u00e7\u00e3o religiosa e cultural, com uma programa\u00e7\u00e3o que promete agradar a todos os gostos.<br \/>\nAs noites da festa ser\u00e3o animadas por shows musicais variados, que prometem agitar o p\u00fablico presente. E para quem gosta de uma boa dose de emo\u00e7\u00e3o, a organiza\u00e7\u00e3o preparou bingos com premia\u00e7\u00f5es em dinheiro que v\u00e3o de R$ 1 mil a R$ 2 mil, distribu\u00eddos ao longo dos seis dias de festa.<br \/>\nA pra\u00e7a de alimenta\u00e7\u00e3o ser\u00e1 um verdadeiro para\u00edso para os amantes da boa comida. Pastel, lanche de pernil, espetinho, pizza, batata frita, frango frito, crepe, doces, sucos e bebidas estar\u00e3o \u00e0 disposi\u00e7\u00e3o para saciar a fome e a sede dos visitantes.<br \/>\nO Espa\u00e7o Kids ser\u00e1 um dos grandes destaques da festa, com diversas atividades l\u00fadicas e recreativas para garantir a divers\u00e3o da crian\u00e7ada.<\/p>\n<p>ALMO\u00c7O DA PADROEIRA \u2013 No dia 8 de setembro, \u00e0s 12 horas, n\u00e3o perca o tradicional almo\u00e7o da padroeira. Por R$ 50,00 por pessoa (crian\u00e7as de 10 a 12 anos pagam R$ 25,00), voc\u00ea poder\u00e1 saborear um delicioso almo\u00e7o <\/p>\n<p><img loading=\"lazy\" decoding=\"async\" src=\"https:\/\/sabuguinho.com.br\/site\/wp-content\/uploads\/2024\/08\/457365512_8158197340912300_2048127367878038171_n-768x1128-1-102x150.jpg\" alt=\"\" width=\"102\" height=\"150\" class=\"alignnone size-medium wp-image-11273\" srcset=\"https:\/\/sabuguinho.com.br\/site\/wp-content\/uploads\/2024\/08\/457365512_8158197340912300_2048127367878038171_n-768x1128-1-102x150.jpg 102w, https:\/\/sabuguinho.com.br\/site\/wp-content\/uploads\/2024\/08\/457365512_8158197340912300_2048127367878038171_n-768x1128-1-349x512.jpg 349w, https:\/\/sabuguinho.com.br\/site\/wp-content\/uploads\/2024\/08\/457365512_8158197340912300_2048127367878038171_n-768x1128-1-750x1102.jpg 750w, https:\/\/sabuguinho.com.br\/site\/wp-content\/uploads\/2024\/08\/457365512_8158197340912300_2048127367878038171_n-768x1128-1.jpg 768w\" sizes=\"(max-width: 102px) 100vw, 102px\" \/><\/p>\n","protected":false},"excerpt":{"rendered":"<p>Avar\u00e9 se prepara para celebrar a Festa da Padroeira Nossa Senhora das Dores. Entre os dias 6 e 15 de setembro, a cidade ser\u00e1 palco de uma grande celebra\u00e7\u00e3o religiosa e cultural, com uma programa\u00e7\u00e3o que promete agradar a todos os gostos. As noites da festa ser\u00e3o animadas por shows musicais variados, que prometem agitar [&hellip;]<\/p>\n","protected":false},"author":2,"featured_media":11274,"comment_status":"open","ping_status":"open","sticky":false,"template":"","format":"standard","meta":{"footnotes":""},"categories":[58],"tags":[],"_links":{"self":[{"href":"https:\/\/sabuguinho.com.br\/site\/wp-json\/wp\/v2\/posts\/11272"}],"collection":[{"href":"https:\/\/sabuguinho.com.br\/site\/wp-json\/wp\/v2\/posts"}],"about":[{"href":"https:\/\/sabuguinho.com.br\/site\/wp-json\/wp\/v2\/types\/post"}],"author":[{"embeddable":true,"href":"https:\/\/sabuguinho.com.br\/site\/wp-json\/wp\/v2\/users\/2"}],"replies":[{"embeddable":true,"href":"https:\/\/sabuguinho.com.br\/site\/wp-json\/wp\/v2\/comments?post=11272"}],"version-history":[{"count":1,"href":"https:\/\/sabuguinho.com.br\/site\/wp-json\/wp\/v2\/posts\/11272\/revisions"}],"predecessor-version":[{"id":11275,"href":"https:\/\/sabuguinho.com.br\/site\/wp-json\/wp\/v2\/posts\/11272\/revisions\/11275"}],"wp:featuredmedia":[{"embeddable":true,"href":"https:\/\/sabuguinho.com.br\/site\/wp-json\/wp\/v2\/media\/11274"}],"wp:attachment":[{"href":"https:\/\/sabuguinho.com.br\/site\/wp-json\/wp\/v2\/media?parent=11272"}],"wp:term":[{"taxonomy":"category","embeddable":true,"href":"https:\/\/sabuguinho.com.br\/site\/wp-json\/wp\/v2\/categories?post=11272"},{"taxonomy":"post_tag","embeddable":true,"href":"https:\/\/sabuguinho.com.br\/site\/wp-json\/wp\/v2\/tags?post=11272"}],"curies":[{"name":"wp","href":"https:\/\/api.w.org\/{rel}","templated":true}]}}