{"id":11265,"date":"2024-08-28T12:49:56","date_gmt":"2024-08-28T15:49:56","guid":{"rendered":"https:\/\/sabuguinho.com.br\/site\/?p=11265"},"modified":"2024-08-28T12:49:56","modified_gmt":"2024-08-28T15:49:56","slug":"morre-juan-izquierdo-zagueiro-e-lateral-do-nacional-do-uruguai","status":"publish","type":"post","link":"https:\/\/sabuguinho.com.br\/site\/morre-juan-izquierdo-zagueiro-e-lateral-do-nacional-do-uruguai\/","title":{"rendered":"Morre Juan Izquierdo, zagueiro e lateral do Nacional do Uruguai"},"content":{"rendered":"<p>Faleceu nesta ter\u00e7a-feira Juan Izquierdo, zagueiro e lateral do Nacional do Uruguai. Ele na quinta-feira precisou sair durante a partida S\u00e3o Paulo 2&#215;0 Nacional de Montevid\u00e9u, pelas oitavas de final da Libertadores, ap\u00f3s passar mal dentro do campo. Ele ficou cinco dias internados em um hospital na capital paulista, mas n\u00e3o resistiu. O Nacional informou a trise not\u00edcia por volta das 22h35.<br \/>\nO jogador uruguaio de 27 anos sofreu uma arritmia card\u00edaca durante o duelo entre S\u00e3o Paulo e Nacional na \u00faltima quinta, pela Libertadores, no Morumbis.<br \/>\nNeste domingo, o boletim m\u00e9dico do hospital Israelita Albert Einstein, onde ficou internado, na cidade de S\u00e3o Paulo trouxe a informa\u00e7\u00e3o que o atleta sofreu progress\u00e3o do comprometimento cerebral e aumento da press\u00e3o intracraniana. Ele ainda seguiu sob cuidados intensivos neurol\u00f3gicos e precisou estar respirando por meio de ventila\u00e7\u00e3o mec\u00e2nica. Por\u00e9m acabou n\u00e3o resistindo.<br \/>\nFamiliares vieram ao Brasil para acompanhar a situa\u00e7\u00e3o do jogador de perto. J\u00e1 a esposa, Selena, ficou no Uruguai para cuidar do filho rec\u00e9m-nascido do casal, de apenas 9 dias. Eles tamb\u00e9m t\u00eam uma filha de 8 anos.<br \/>\nAntes do jogo deste domingo, contra o Vit\u00f3ria, pela 24\u00aa rodada do Brasileir\u00e3o, tamb\u00e9m no Morumbis, o S\u00e3o Paulo entrou em campo com camisetas mandando mensagem de for\u00e7a a Izquierdo.<br \/>\nO epis\u00f3dio ocorrido na partida de quinta-feira deixou jogadores de ambos os times preocupados, e atletas do time brasileiro, como Calleri e Michel Ara\u00fajo, chegaram a visitar o hospital para se atualizar sobre a situa\u00e7\u00e3o.<\/p>\n","protected":false},"excerpt":{"rendered":"<p>Faleceu nesta ter\u00e7a-feira Juan Izquierdo, zagueiro e lateral do Nacional do Uruguai. Ele na quinta-feira precisou sair durante a partida S\u00e3o Paulo 2&#215;0 Nacional de Montevid\u00e9u, pelas oitavas de final da Libertadores, ap\u00f3s passar mal dentro do campo. Ele ficou cinco dias internados em um hospital na capital paulista, mas n\u00e3o resistiu. O Nacional informou [&hellip;]<\/p>\n","protected":false},"author":2,"featured_media":11266,"comment_status":"open","ping_status":"open","sticky":false,"template":"","format":"standard","meta":{"footnotes":""},"categories":[45],"tags":[],"_links":{"self":[{"href":"https:\/\/sabuguinho.com.br\/site\/wp-json\/wp\/v2\/posts\/11265"}],"collection":[{"href":"https:\/\/sabuguinho.com.br\/site\/wp-json\/wp\/v2\/posts"}],"about":[{"href":"https:\/\/sabuguinho.com.br\/site\/wp-json\/wp\/v2\/types\/post"}],"author":[{"embeddable":true,"href":"https:\/\/sabuguinho.com.br\/site\/wp-json\/wp\/v2\/users\/2"}],"replies":[{"embeddable":true,"href":"https:\/\/sabuguinho.com.br\/site\/wp-json\/wp\/v2\/comments?post=11265"}],"version-history":[{"count":1,"href":"https:\/\/sabuguinho.com.br\/site\/wp-json\/wp\/v2\/posts\/11265\/revisions"}],"predecessor-version":[{"id":11267,"href":"https:\/\/sabuguinho.com.br\/site\/wp-json\/wp\/v2\/posts\/11265\/revisions\/11267"}],"wp:featuredmedia":[{"embeddable":true,"href":"https:\/\/sabuguinho.com.br\/site\/wp-json\/wp\/v2\/media\/11266"}],"wp:attachment":[{"href":"https:\/\/sabuguinho.com.br\/site\/wp-json\/wp\/v2\/media?parent=11265"}],"wp:term":[{"taxonomy":"category","embeddable":true,"href":"https:\/\/sabuguinho.com.br\/site\/wp-json\/wp\/v2\/categories?post=11265"},{"taxonomy":"post_tag","embeddable":true,"href":"https:\/\/sabuguinho.com.br\/site\/wp-json\/wp\/v2\/tags?post=11265"}],"curies":[{"name":"wp","href":"https:\/\/api.w.org\/{rel}","templated":true}]}}