{"id":11177,"date":"2024-08-26T11:17:40","date_gmt":"2024-08-26T14:17:40","guid":{"rendered":"https:\/\/sabuguinho.com.br\/site\/?p=11177"},"modified":"2024-08-26T11:17:40","modified_gmt":"2024-08-26T14:17:40","slug":"deputada-federal-simone-marquetto-participa-do-cenaculo-do-centenario-realizado-no-estadio-municipal-de-sorocaba","status":"publish","type":"post","link":"https:\/\/sabuguinho.com.br\/site\/deputada-federal-simone-marquetto-participa-do-cenaculo-do-centenario-realizado-no-estadio-municipal-de-sorocaba\/","title":{"rendered":"Deputada federal Simone Marquetto participa do Cen\u00e1culo do Centen\u00e1rio realizado no Est\u00e1dio Municipal de Sorocaba"},"content":{"rendered":"<p>Dia de muita f\u00e9 e uni\u00e3o no Cen\u00e1culo Arquidiocesano de Sorocaba. A deputada federal Simone Marquetto (MDB-SP) foi convidada a participar do evento que foi realizado neste domingo, dia 25, no Est\u00e1dio Municipal \u201cWalter Ribeiro\u201d, em Sorocaba.<br \/>\n\u201c\u00c9 uma alegria mais uma vez estar aqui. Neste ano, como Coordenadora do Pr\u00f3-Vida do Estado de S\u00e3o Paulo no Congresso Nacional \u00e9 gratificante participar deste evento e poder falar do nosso trabalho pelo Brasil\u201d, iniciou a fala a parlamentar Simone Marquetto.<br \/>\nA deputada federal Simone Marquetto explicou da lei de sua autoria, que institui o Dia Nacional do Ros\u00e1rio da Virgem Maria, a ser celebrado em 07 de outubro de cada ano.<br \/>\n\u201cO Ros\u00e1rio \u00e9 a \u201carma\u201d espiritual na luta contra o mal, contra a viol\u00eancia, pela paz nos cora\u00e7\u00f5es, nas fam\u00edlias, na sociedade e no mundo. Neste ano, no dia 07 de outubro, iremos nos unir aos p\u00e9s do Cristo Redentor. \u00c9 com o Ros\u00e1rio que vamos vencer as batalhas espirituais\u201d, disse a deputada federal Simone Marquetto.<br \/>\nA parlamentar Marquetto tamb\u00e9m disse que faz peregrina\u00e7\u00e3o pelo pa\u00eds com a imagem de Nossa Senhora Aparecida, a General\u00edssima do Ex\u00e9rcito Brasileiro, que recebeu por meio dela, na C\u00e2mara Federal, a renova\u00e7\u00e3o do t\u00edtulo de General\u00edssima do EB, concedido em 1967 e renovado no ano passado.<br \/>\nA deputada federal participou do Cen\u00e1culo, ao lado do prefeito de Sorocaba, Rodrigo Manga, do padre Fl\u00e1vio e do Henri Arida.<br \/>\n\u201cEm nome do querido Marcos Patroc\u00ednio, quero expressar minha profunda gratid\u00e3o a toda a RCC da Arquidiocese de Sorocaba pelo convite e pela carinhosa acolhida. Que possamos continuar caminhando juntos, fortalecidos na f\u00e9 e na esperan\u00e7a\u201d, concluiu a parlamentar Simone Marquetto.<\/p>\n<p><img loading=\"lazy\" decoding=\"async\" src=\"https:\/\/sabuguinho.com.br\/site\/wp-content\/uploads\/2024\/08\/IMG-20240826-WA0054-150x84.jpg\" alt=\"\" width=\"150\" height=\"84\" class=\"alignnone size-medium wp-image-11178\" srcset=\"https:\/\/sabuguinho.com.br\/site\/wp-content\/uploads\/2024\/08\/IMG-20240826-WA0054-150x84.jpg 150w, https:\/\/sabuguinho.com.br\/site\/wp-content\/uploads\/2024\/08\/IMG-20240826-WA0054-512x288.jpg 512w, https:\/\/sabuguinho.com.br\/site\/wp-content\/uploads\/2024\/08\/IMG-20240826-WA0054-768x432.jpg 768w, https:\/\/sabuguinho.com.br\/site\/wp-content\/uploads\/2024\/08\/IMG-20240826-WA0054-1536x864.jpg 1536w, https:\/\/sabuguinho.com.br\/site\/wp-content\/uploads\/2024\/08\/IMG-20240826-WA0054-750x422.jpg 750w, https:\/\/sabuguinho.com.br\/site\/wp-content\/uploads\/2024\/08\/IMG-20240826-WA0054-1140x641.jpg 1140w, https:\/\/sabuguinho.com.br\/site\/wp-content\/uploads\/2024\/08\/IMG-20240826-WA0054.jpg 1600w\" sizes=\"(max-width: 150px) 100vw, 150px\" \/><\/p>\n<p><img loading=\"lazy\" decoding=\"async\" src=\"https:\/\/sabuguinho.com.br\/site\/wp-content\/uploads\/2024\/08\/IMG-20240826-WA0055-150x84.jpg\" alt=\"\" width=\"150\" height=\"84\" class=\"alignnone size-medium wp-image-11179\" srcset=\"https:\/\/sabuguinho.com.br\/site\/wp-content\/uploads\/2024\/08\/IMG-20240826-WA0055-150x84.jpg 150w, https:\/\/sabuguinho.com.br\/site\/wp-content\/uploads\/2024\/08\/IMG-20240826-WA0055-512x288.jpg 512w, https:\/\/sabuguinho.com.br\/site\/wp-content\/uploads\/2024\/08\/IMG-20240826-WA0055-768x432.jpg 768w, https:\/\/sabuguinho.com.br\/site\/wp-content\/uploads\/2024\/08\/IMG-20240826-WA0055-1536x864.jpg 1536w, https:\/\/sabuguinho.com.br\/site\/wp-content\/uploads\/2024\/08\/IMG-20240826-WA0055-750x422.jpg 750w, https:\/\/sabuguinho.com.br\/site\/wp-content\/uploads\/2024\/08\/IMG-20240826-WA0055-1140x641.jpg 1140w, https:\/\/sabuguinho.com.br\/site\/wp-content\/uploads\/2024\/08\/IMG-20240826-WA0055.jpg 1600w\" sizes=\"(max-width: 150px) 100vw, 150px\" \/><\/p>\n","protected":false},"excerpt":{"rendered":"<p>Dia de muita f\u00e9 e uni\u00e3o no Cen\u00e1culo Arquidiocesano de Sorocaba. A deputada federal Simone Marquetto (MDB-SP) foi convidada a participar do evento que foi realizado neste domingo, dia 25, no Est\u00e1dio Municipal \u201cWalter Ribeiro\u201d, em Sorocaba. \u201c\u00c9 uma alegria mais uma vez estar aqui. Neste ano, como Coordenadora do Pr\u00f3-Vida do Estado de S\u00e3o [&hellip;]<\/p>\n","protected":false},"author":2,"featured_media":11180,"comment_status":"open","ping_status":"open","sticky":false,"template":"","format":"standard","meta":{"footnotes":""},"categories":[51],"tags":[],"_links":{"self":[{"href":"https:\/\/sabuguinho.com.br\/site\/wp-json\/wp\/v2\/posts\/11177"}],"collection":[{"href":"https:\/\/sabuguinho.com.br\/site\/wp-json\/wp\/v2\/posts"}],"about":[{"href":"https:\/\/sabuguinho.com.br\/site\/wp-json\/wp\/v2\/types\/post"}],"author":[{"embeddable":true,"href":"https:\/\/sabuguinho.com.br\/site\/wp-json\/wp\/v2\/users\/2"}],"replies":[{"embeddable":true,"href":"https:\/\/sabuguinho.com.br\/site\/wp-json\/wp\/v2\/comments?post=11177"}],"version-history":[{"count":1,"href":"https:\/\/sabuguinho.com.br\/site\/wp-json\/wp\/v2\/posts\/11177\/revisions"}],"predecessor-version":[{"id":11181,"href":"https:\/\/sabuguinho.com.br\/site\/wp-json\/wp\/v2\/posts\/11177\/revisions\/11181"}],"wp:featuredmedia":[{"embeddable":true,"href":"https:\/\/sabuguinho.com.br\/site\/wp-json\/wp\/v2\/media\/11180"}],"wp:attachment":[{"href":"https:\/\/sabuguinho.com.br\/site\/wp-json\/wp\/v2\/media?parent=11177"}],"wp:term":[{"taxonomy":"category","embeddable":true,"href":"https:\/\/sabuguinho.com.br\/site\/wp-json\/wp\/v2\/categories?post=11177"},{"taxonomy":"post_tag","embeddable":true,"href":"https:\/\/sabuguinho.com.br\/site\/wp-json\/wp\/v2\/tags?post=11177"}],"curies":[{"name":"wp","href":"https:\/\/api.w.org\/{rel}","templated":true}]}}