{"id":1114,"date":"2023-11-29T17:36:19","date_gmt":"2023-11-29T20:36:19","guid":{"rendered":"https:\/\/sabuguinho.com.br\/site\/?p=1114"},"modified":"2023-11-29T17:36:19","modified_gmt":"2023-11-29T20:36:19","slug":"educacao-projeto-sobre-bullying-e-desenvolvido-em-escolas-municipais","status":"publish","type":"post","link":"https:\/\/sabuguinho.com.br\/site\/educacao-projeto-sobre-bullying-e-desenvolvido-em-escolas-municipais\/","title":{"rendered":"EDUCA\u00c7\u00c3O  Projeto sobre bullying \u00e9 desenvolvido em escolas municipais"},"content":{"rendered":"<p>Proposta \u00e9 conscientizar alunos da Rede Municipal de Ensino sobre import\u00e2ncia do respeito ao pr\u00f3ximo<\/p>\n<p>&#8220;Bullying: somos todos iguais&#8221; \u00e9 o nome do projeto que foi desenvolvido no m\u00eas de novembro em escolas municipais de Avar\u00e9.<br \/>\nA iniciativa da equipe de inform\u00e1tica da Rede Municipal de Ensino buscou conscientizar alunos do Fundamental I e etapas sobre a import\u00e2ncia do respeito ao pr\u00f3ximo.<br \/>\nO projeto contou com v\u00eddeos, din\u00e2micas e atividades educacionais desenvolvidas em sala de aula, sempre de maneira l\u00fadica e prazerosa para as crian\u00e7as.<br \/>\n\u201cOs professores de inform\u00e1tica esfor\u00e7aram-se ao m\u00e1ximo para que os alunos pudessem entender como o bullying pode prejudicar a vida de uma pessoa\u201d, ressalta o coordenador Renato Gambini.<\/p>\n<p>Saiba mais<\/p>\n<p>Tamb\u00e9m chamado de intimida\u00e7\u00e3o sistem\u00e1tica, o bullying \u00e9 todo ato de viol\u00eancia f\u00edsica ou psicol\u00f3gica, intencional e repetitivo, praticado contra uma pessoa com o objetivo de intimid\u00e1-la ou agredi-la, causando dor e ang\u00fastia \u00e0 v\u00edtima.<br \/>\nO Brasil instituiu em 2015 o Programa de Combate \u00e0 Intimida\u00e7\u00e3o Sistem\u00e1tica (Bullying) por meio de lei federal como forma de combater a pr\u00e1tica em ambiente escolar.<\/p>\n","protected":false},"excerpt":{"rendered":"<p>Proposta \u00e9 conscientizar alunos da Rede Municipal de Ensino sobre import\u00e2ncia do respeito ao pr\u00f3ximo &#8220;Bullying: somos todos iguais&#8221; \u00e9 o nome do projeto que foi desenvolvido no m\u00eas de novembro em escolas municipais de Avar\u00e9. A iniciativa da equipe de inform\u00e1tica da Rede Municipal de Ensino buscou conscientizar alunos do Fundamental I e etapas [&hellip;]<\/p>\n","protected":false},"author":2,"featured_media":1115,"comment_status":"open","ping_status":"open","sticky":false,"template":"","format":"standard","meta":{"footnotes":""},"categories":[58],"tags":[],"_links":{"self":[{"href":"https:\/\/sabuguinho.com.br\/site\/wp-json\/wp\/v2\/posts\/1114"}],"collection":[{"href":"https:\/\/sabuguinho.com.br\/site\/wp-json\/wp\/v2\/posts"}],"about":[{"href":"https:\/\/sabuguinho.com.br\/site\/wp-json\/wp\/v2\/types\/post"}],"author":[{"embeddable":true,"href":"https:\/\/sabuguinho.com.br\/site\/wp-json\/wp\/v2\/users\/2"}],"replies":[{"embeddable":true,"href":"https:\/\/sabuguinho.com.br\/site\/wp-json\/wp\/v2\/comments?post=1114"}],"version-history":[{"count":1,"href":"https:\/\/sabuguinho.com.br\/site\/wp-json\/wp\/v2\/posts\/1114\/revisions"}],"predecessor-version":[{"id":1116,"href":"https:\/\/sabuguinho.com.br\/site\/wp-json\/wp\/v2\/posts\/1114\/revisions\/1116"}],"wp:featuredmedia":[{"embeddable":true,"href":"https:\/\/sabuguinho.com.br\/site\/wp-json\/wp\/v2\/media\/1115"}],"wp:attachment":[{"href":"https:\/\/sabuguinho.com.br\/site\/wp-json\/wp\/v2\/media?parent=1114"}],"wp:term":[{"taxonomy":"category","embeddable":true,"href":"https:\/\/sabuguinho.com.br\/site\/wp-json\/wp\/v2\/categories?post=1114"},{"taxonomy":"post_tag","embeddable":true,"href":"https:\/\/sabuguinho.com.br\/site\/wp-json\/wp\/v2\/tags?post=1114"}],"curies":[{"name":"wp","href":"https:\/\/api.w.org\/{rel}","templated":true}]}}