{"id":1108,"date":"2023-11-29T12:21:10","date_gmt":"2023-11-29T15:21:10","guid":{"rendered":"https:\/\/sabuguinho.com.br\/site\/?p=1108"},"modified":"2023-11-29T12:21:10","modified_gmt":"2023-11-29T15:21:10","slug":"botucatu-homem-e-preso-por-violencia-domestica-no-jardim-ciranda","status":"publish","type":"post","link":"https:\/\/sabuguinho.com.br\/site\/botucatu-homem-e-preso-por-violencia-domestica-no-jardim-ciranda\/","title":{"rendered":"Botucatu: Homem \u00e9 preso por Viol\u00eancia Dom\u00e9stica no Jardim Ciranda"},"content":{"rendered":"<p>No \u00faltimo final de semana, a Pol\u00edcia Militar foi acionada via Copom para atender uma ocorr\u00eancia de viol\u00eancia dom\u00e9stica em im\u00f3vel localizado na Avenida Deputado Br\u00e1s de Assis Nogueira, no bairro Jardim Ciranda.<br \/>\nAo chegarem ao local, fizeram contato com a a v\u00edtima e uma outra mulher, as quais relataram uma situa\u00e7\u00e3o de viol\u00eancia envolvendo o companheiro da v\u00edtima, o qual mant\u00e9m um relacionamento h\u00e1 aproximadamente tr\u00eas anos.<br \/>\nA v\u00edtima e o agressor t\u00eam dois filhos, um de 03 anos e outro com apenas 05 meses. Segundo ela, o companheiro \u00e9 usu\u00e1rio de drogas e \u00e1lcool, e j\u00e1 havia a agredido fisicamente em outra data, al\u00e9m de amea\u00e7a-la de morte.<br \/>\nAo ser questionado pelos policiais, o agressor de 33 anos, negou as acusa\u00e7\u00f5es, alegando apenas ter discutido com v\u00edtima. Diante dos fatos, os policiais deram voz de pris\u00e3o em flagrante delito ao agressor , conduzindo-o ao plant\u00e3o policial.<br \/>\nA Autoridade Policial ratificou a pris\u00e3o em flagrante e deliberou pela lavratura do Auto de Pris\u00e3o em Flagrante Delito contra o homem, acusado da contraven\u00e7\u00e3o penal de vias de fato, al\u00e9m dos crimes de amea\u00e7a e inj\u00faria no \u00e2mbito dom\u00e9stico familiar. Uma fian\u00e7a no valor de R$ 1.000,00 foi arbitrada, mas n\u00e3o foi exibida pelo indiciado, que foi encaminhada \u00e0 Cadeia P\u00fablica de Itatinga, onde permanece \u00e0 disposi\u00e7\u00e3o da Justi\u00e7a.<\/p>\n","protected":false},"excerpt":{"rendered":"<p>No \u00faltimo final de semana, a Pol\u00edcia Militar foi acionada via Copom para atender uma ocorr\u00eancia de viol\u00eancia dom\u00e9stica em im\u00f3vel localizado na Avenida Deputado Br\u00e1s de Assis Nogueira, no bairro Jardim Ciranda. Ao chegarem ao local, fizeram contato com a a v\u00edtima e uma outra mulher, as quais relataram uma situa\u00e7\u00e3o de viol\u00eancia envolvendo [&hellip;]<\/p>\n","protected":false},"author":2,"featured_media":1109,"comment_status":"open","ping_status":"open","sticky":false,"template":"","format":"standard","meta":{"footnotes":""},"categories":[52],"tags":[],"_links":{"self":[{"href":"https:\/\/sabuguinho.com.br\/site\/wp-json\/wp\/v2\/posts\/1108"}],"collection":[{"href":"https:\/\/sabuguinho.com.br\/site\/wp-json\/wp\/v2\/posts"}],"about":[{"href":"https:\/\/sabuguinho.com.br\/site\/wp-json\/wp\/v2\/types\/post"}],"author":[{"embeddable":true,"href":"https:\/\/sabuguinho.com.br\/site\/wp-json\/wp\/v2\/users\/2"}],"replies":[{"embeddable":true,"href":"https:\/\/sabuguinho.com.br\/site\/wp-json\/wp\/v2\/comments?post=1108"}],"version-history":[{"count":1,"href":"https:\/\/sabuguinho.com.br\/site\/wp-json\/wp\/v2\/posts\/1108\/revisions"}],"predecessor-version":[{"id":1110,"href":"https:\/\/sabuguinho.com.br\/site\/wp-json\/wp\/v2\/posts\/1108\/revisions\/1110"}],"wp:featuredmedia":[{"embeddable":true,"href":"https:\/\/sabuguinho.com.br\/site\/wp-json\/wp\/v2\/media\/1109"}],"wp:attachment":[{"href":"https:\/\/sabuguinho.com.br\/site\/wp-json\/wp\/v2\/media?parent=1108"}],"wp:term":[{"taxonomy":"category","embeddable":true,"href":"https:\/\/sabuguinho.com.br\/site\/wp-json\/wp\/v2\/categories?post=1108"},{"taxonomy":"post_tag","embeddable":true,"href":"https:\/\/sabuguinho.com.br\/site\/wp-json\/wp\/v2\/tags?post=1108"}],"curies":[{"name":"wp","href":"https:\/\/api.w.org\/{rel}","templated":true}]}}