{"id":1105,"date":"2023-11-29T11:33:56","date_gmt":"2023-11-29T14:33:56","guid":{"rendered":"https:\/\/sabuguinho.com.br\/site\/?p=1105"},"modified":"2023-11-29T11:33:56","modified_gmt":"2023-11-29T14:33:56","slug":"esporte-xadrez-avareense-realiza-campeonato-para-adolescentes-neste-sabado","status":"publish","type":"post","link":"https:\/\/sabuguinho.com.br\/site\/esporte-xadrez-avareense-realiza-campeonato-para-adolescentes-neste-sabado\/","title":{"rendered":"ESPORTE &#8211;  Xadrez Avareense realiza campeonato para adolescentes neste s\u00e1bado,"},"content":{"rendered":"<p>2 Podem participar enxadristas que residam ou estudem em Avar\u00e9; inscri\u00e7\u00e3o \u00e9 gratuita<br \/>\nO Xadrez Avareense inicia o \u00faltimo m\u00eas do ano com mais um evento: o Campeonato Avareense J\u00fanior voltado para menores de 18 anos.<br \/>\nA disputa que acontece neste s\u00e1bado, 2, tem in\u00edcio \u00e0s 13h30 no campus local do Instituto Federal de S\u00e3o Paulo (IFSP).<br \/>\nPodem participar enxadristas que residam ou estudem em Avar\u00e9, iniciantes ou n\u00e3o. Os melhores de cada categoria ser\u00e3o premiados.<br \/>\nAs inscri\u00e7\u00f5es gratuitas podem ser feitas pelo site xadrezavareense.blogspot.com ou presencialmente na Secretaria Municipal de Esporte e Lazer (Gin\u00e1sio Kim Negr\u00e3o).<br \/>\n\u201cOs melhores jogadores poder\u00e3o ser selecionados para a equipe de xadrez de Avar\u00e9 que ir\u00e1 disputar os Jogos da Juventude e os Jogos Regionais\u201d, afirma a organiza\u00e7\u00e3o.<br \/>\nO Campeonato Avareense J\u00fanior tem apoio da Secretaria Municipal de Esporte e do IFSP. Saiba mais sobre o Xadrez Avareense no link https:\/\/linktr.ee\/xadrezavareense<\/p>\n","protected":false},"excerpt":{"rendered":"<p>2 Podem participar enxadristas que residam ou estudem em Avar\u00e9; inscri\u00e7\u00e3o \u00e9 gratuita O Xadrez Avareense inicia o \u00faltimo m\u00eas do ano com mais um evento: o Campeonato Avareense J\u00fanior voltado para menores de 18 anos. A disputa que acontece neste s\u00e1bado, 2, tem in\u00edcio \u00e0s 13h30 no campus local do Instituto Federal de S\u00e3o [&hellip;]<\/p>\n","protected":false},"author":2,"featured_media":1106,"comment_status":"open","ping_status":"open","sticky":false,"template":"","format":"standard","meta":{"footnotes":""},"categories":[45],"tags":[],"_links":{"self":[{"href":"https:\/\/sabuguinho.com.br\/site\/wp-json\/wp\/v2\/posts\/1105"}],"collection":[{"href":"https:\/\/sabuguinho.com.br\/site\/wp-json\/wp\/v2\/posts"}],"about":[{"href":"https:\/\/sabuguinho.com.br\/site\/wp-json\/wp\/v2\/types\/post"}],"author":[{"embeddable":true,"href":"https:\/\/sabuguinho.com.br\/site\/wp-json\/wp\/v2\/users\/2"}],"replies":[{"embeddable":true,"href":"https:\/\/sabuguinho.com.br\/site\/wp-json\/wp\/v2\/comments?post=1105"}],"version-history":[{"count":1,"href":"https:\/\/sabuguinho.com.br\/site\/wp-json\/wp\/v2\/posts\/1105\/revisions"}],"predecessor-version":[{"id":1107,"href":"https:\/\/sabuguinho.com.br\/site\/wp-json\/wp\/v2\/posts\/1105\/revisions\/1107"}],"wp:featuredmedia":[{"embeddable":true,"href":"https:\/\/sabuguinho.com.br\/site\/wp-json\/wp\/v2\/media\/1106"}],"wp:attachment":[{"href":"https:\/\/sabuguinho.com.br\/site\/wp-json\/wp\/v2\/media?parent=1105"}],"wp:term":[{"taxonomy":"category","embeddable":true,"href":"https:\/\/sabuguinho.com.br\/site\/wp-json\/wp\/v2\/categories?post=1105"},{"taxonomy":"post_tag","embeddable":true,"href":"https:\/\/sabuguinho.com.br\/site\/wp-json\/wp\/v2\/tags?post=1105"}],"curies":[{"name":"wp","href":"https:\/\/api.w.org\/{rel}","templated":true}]}}