{"id":1099,"date":"2023-11-29T08:55:55","date_gmt":"2023-11-29T11:55:55","guid":{"rendered":"https:\/\/sabuguinho.com.br\/site\/?p=1099"},"modified":"2023-11-29T08:55:55","modified_gmt":"2023-11-29T11:55:55","slug":"aprovado-no-senado-federal-o-projeto-de-lei-da-deputada-federal-simone-marquetto-que-institui-o-dia-nacional-do-rosario-da-virgem-maria","status":"publish","type":"post","link":"https:\/\/sabuguinho.com.br\/site\/aprovado-no-senado-federal-o-projeto-de-lei-da-deputada-federal-simone-marquetto-que-institui-o-dia-nacional-do-rosario-da-virgem-maria\/","title":{"rendered":"Aprovado no Senado Federal o Projeto de Lei da deputada federal Simone Marquetto que institui o Dia Nacional do Ros\u00e1rio da Virgem Maria"},"content":{"rendered":"<p>O Senado Federal aprovou por unanimidade nesta ter\u00e7a-feira, dia 28, o Projeto de Lei 4943\/23, que institui o Dia Nacional do Ros\u00e1rio da Virgem Maria, a ser celebrado em 07 de outubro de cada ano. Segue agora para san\u00e7\u00e3o presidencial.<br \/>\nO projeto \u00e9 de autoria da deputada federal Simone Marquetto (MDB-SP), que esteve presente durante toda a vota\u00e7\u00e3o no Senado Federal. O senador Astronauta Marcos Pontes (PL-SP), destacou a import\u00e2ncia do PL. \u201cEu gostaria de parabenizar a deputada Simone Marquetto e o deputado Luiz Gast\u00e3o (PSD\/CE) que aprovaram o projeto na C\u00e2mara e dizer que no Brasil temos um n\u00famero muito grande de crist\u00e3os cat\u00f3licos que professam essa f\u00e9. Eu sou cat\u00f3lico. Sou uma pessoa que gosta de falar a respeito disso tamb\u00e9m e frequento Aparecida e sem d\u00favida nenhuma, o dia 07 de outubro vai ser um dia muito importante para o Ros\u00e1rio\u201d, disse o senador no Plen\u00e1rio.<br \/>\nDurante o dia, a mat\u00e9ria foi discutida na Comiss\u00e3o de Educa\u00e7\u00e3o do Senado Federal sob a relatoria do senador Marcos Pontes, que aproveitou a oportunidade para fazer um requerimento de urg\u00eancia de delibera\u00e7\u00e3o do projeto no Plen\u00e1rio.<br \/>\nPara a deputada federal Simone Marquetto, autora do Projeto de Lei, esta data ir\u00e1 unir todos os cat\u00f3licos apost\u00f3licos romanos do Pa\u00eds e resgatar a f\u00e9.  \u201c\u00c9 com o Ros\u00e1rio que o nosso cora\u00e7\u00e3o se acalma ao abrir uma corrente para o esp\u00edrito e se conectar com o divino. O Ros\u00e1rio \u00e9 \u201carma\u201d espiritual na luta contra o mal, contra a viol\u00eancia, pela paz nos cora\u00e7\u00f5es, nas fam\u00edlias, na sociedade e no mundo. Que no dia 07 de outubro de cada ano, ao meio-dia, n\u00f3s, cat\u00f3licos, possamos juntos fazer a ora\u00e7\u00e3o do Ros\u00e1rio da Virgem Maria\u201d, salientou a deputada federal Simone Marquetto.<br \/>\nDe acordo com o PL, \u00e9 nesse dia que a Igreja Cat\u00f3lica comemora o dia de Nossa Senhora do Ros\u00e1rio, que apareceu a S\u00e3o Domingos de Gusm\u00e3o em 1208, na Fran\u00e7a, onde Maria entrega a ele um Ros\u00e1rio. A ora\u00e7\u00e3o do Ros\u00e1rio \u00e9 um pedido de Nossa Senhora em suas 16 apari\u00e7\u00f5es pelo mundo reconhecidas pelo Vaticano.<br \/>\nO Ros\u00e1rio cont\u00e9m as duas ora\u00e7\u00f5es principais do Crist\u00e3o. O Pai Nosso, ensinado por Jesus (segundo o evangelho Mateus 6, 9 &#8211; 13), e a Ave Maria (segundo o evangelho de S\u00e3o Lucas 1,28), que foram as palavras do anjo Gabriel e de Santa Isabel, extra\u00eddas do Evangelho de S\u00e3o Lucas.<br \/>\nNo Santo Ros\u00e1rio, o crist\u00e3o medita os mist\u00e9rios da vida de Jesus Cristo. \u00c9 uma ora\u00e7\u00e3o poderosa, que santifica as fam\u00edlias, liberta os cativos e converte os cora\u00e7\u00f5es.<\/p>\n","protected":false},"excerpt":{"rendered":"<p>O Senado Federal aprovou por unanimidade nesta ter\u00e7a-feira, dia 28, o Projeto de Lei 4943\/23, que institui o Dia Nacional do Ros\u00e1rio da Virgem Maria, a ser celebrado em 07 de outubro de cada ano. Segue agora para san\u00e7\u00e3o presidencial. O projeto \u00e9 de autoria da deputada federal Simone Marquetto (MDB-SP), que esteve presente durante [&hellip;]<\/p>\n","protected":false},"author":2,"featured_media":1100,"comment_status":"open","ping_status":"open","sticky":false,"template":"","format":"standard","meta":{"footnotes":""},"categories":[1],"tags":[],"_links":{"self":[{"href":"https:\/\/sabuguinho.com.br\/site\/wp-json\/wp\/v2\/posts\/1099"}],"collection":[{"href":"https:\/\/sabuguinho.com.br\/site\/wp-json\/wp\/v2\/posts"}],"about":[{"href":"https:\/\/sabuguinho.com.br\/site\/wp-json\/wp\/v2\/types\/post"}],"author":[{"embeddable":true,"href":"https:\/\/sabuguinho.com.br\/site\/wp-json\/wp\/v2\/users\/2"}],"replies":[{"embeddable":true,"href":"https:\/\/sabuguinho.com.br\/site\/wp-json\/wp\/v2\/comments?post=1099"}],"version-history":[{"count":1,"href":"https:\/\/sabuguinho.com.br\/site\/wp-json\/wp\/v2\/posts\/1099\/revisions"}],"predecessor-version":[{"id":1101,"href":"https:\/\/sabuguinho.com.br\/site\/wp-json\/wp\/v2\/posts\/1099\/revisions\/1101"}],"wp:featuredmedia":[{"embeddable":true,"href":"https:\/\/sabuguinho.com.br\/site\/wp-json\/wp\/v2\/media\/1100"}],"wp:attachment":[{"href":"https:\/\/sabuguinho.com.br\/site\/wp-json\/wp\/v2\/media?parent=1099"}],"wp:term":[{"taxonomy":"category","embeddable":true,"href":"https:\/\/sabuguinho.com.br\/site\/wp-json\/wp\/v2\/categories?post=1099"},{"taxonomy":"post_tag","embeddable":true,"href":"https:\/\/sabuguinho.com.br\/site\/wp-json\/wp\/v2\/tags?post=1099"}],"curies":[{"name":"wp","href":"https:\/\/api.w.org\/{rel}","templated":true}]}}