{"id":1072,"date":"2023-11-27T17:29:38","date_gmt":"2023-11-27T20:29:38","guid":{"rendered":"https:\/\/sabuguinho.com.br\/site\/?p=1072"},"modified":"2023-11-27T17:29:38","modified_gmt":"2023-11-27T20:29:38","slug":"matriculas-abertas-para-educacao-infantil-em-aguas-de-santa-barbara-ate-30-de-novembro","status":"publish","type":"post","link":"https:\/\/sabuguinho.com.br\/site\/matriculas-abertas-para-educacao-infantil-em-aguas-de-santa-barbara-ate-30-de-novembro\/","title":{"rendered":"Matr\u00edculas abertas para Educa\u00e7\u00e3o Infantil em \u00c1guas de Santa B\u00e1rbara at\u00e9 30 de novembro"},"content":{"rendered":"<p>Os pais e respons\u00e1veis t\u00eam at\u00e9 o dia 30 de novembro para garantir a matr\u00edcula de seus filhos de \u00c1guas de Santa B\u00e1rbara. O per\u00edodo de atendimento \u00e9 das 8h \u00e0s 16h30. As matr\u00edculas e rematr\u00edculas s\u00e3o obrigat\u00f3rias para crian\u00e7as que completaram 4 anos ou que ir\u00e3o completar at\u00e9 31 de mar\u00e7o de 2024. Esta fase da Educa\u00e7\u00e3o Infantil \u00e9 imporante para o desenvolvimento inicial, oferecendo um ambiente educacional prop\u00edcio ao crescimento e aprendizado das crian\u00e7as.<br \/>\nPara realizar as matr\u00edculas, os respons\u00e1veis devem entrar em contato com as seguintes institui\u00e7\u00f5es:<\/p>\n<p>EMEF (Escola Municipal de Ensino Fundamental) &#8211; Telefone: (14) 3765-1542<\/p>\n<p>EMEI (Escola Municipal de Educa\u00e7\u00e3o Infantil) &#8211; Telefone: (14) 3765-1461<\/p>\n<p>Creche &#8211; Telefone: (14) 3765-1137<\/p>\n<p>A equipe educacional est\u00e1 pronta para ajudar e esclarecer d\u00favidas durante o processo de matr\u00edcula, proporcionando um atendimento personalizado aos pais e respons\u00e1veis. \u00c9 importante ressaltar que a Educa\u00e7\u00e3o Infantil desempenha um papel fundamental no desenvolvimento cognitivo, emocional e social das crian\u00e7as, proporcionando um ambiente seguro e estimulante para o aprendizado inicial.<\/p>\n<p>Informa\u00e7\u00f5es para Moradores de Bairros Espec\u00edficos:<\/p>\n<p>Crian\u00e7as nascidas ap\u00f3s 31\/03\/2021, moradoras do Jardim Aeroporto e Parque dos Lagos, obrigatoriamente, devem realizar as matr\u00edculas na Creche do Jardim Aeroporto &#8211; Creche &#8220;Am\u00e9lia Concei\u00e7\u00e3o Dyna&#8221;.<\/p>\n<p>Crian\u00e7as nascidas ap\u00f3s 31\/03\/2021, moradoras dos demais bairros, obrigatoriamente, devem realizar as matr\u00edculas na Creche dos An\u00f5es &#8211; Creche &#8220;Am\u00e9lia Menezes Cust\u00f3dio&#8221;.<\/p>\n<p>Crian\u00e7as nascidas entre 01\/04\/2020 a 31\/03\/2021, moradoras do Thermas, Jardim Aeroporto e Parque dos Lagos, opcionalmente, podem realizar a matr\u00edcula na EMEI ou na Creche do Jardim Aeroporto &#8211; Creche &#8220;Am\u00e9lia Concei\u00e7\u00e3o Dyna&#8221;.<\/p>\n<p>Crian\u00e7as nascidas ap\u00f3s 31\/03\/2021, moradores do Thermas, opcionalmente, podem realizar a matr\u00edcula na Creche do Jardim Aeroporto &#8211; Creche &#8220;Am\u00e9lia Concei\u00e7\u00e3o Dyna&#8221; ou na Creche dos An\u00f5es &#8211; Creche &#8220;Am\u00e9lia Menezes Cust\u00f3dio&#8221;.<\/p>\n<p>Documentos Necess\u00e1rios para Rematr\u00edcula:<\/p>\n<p>Carteira de vacina atualizada;<\/p>\n<p>Comprovante de resid\u00eancia (mesmo n\u00e3o constando nome do respons\u00e1vel).<\/p>\n<p>As matr\u00edculas no Jardim Aeroporto devem ser agendadas pelo WhatsApp (14) 99116 0500. N\u00e3o perca o prazo e assegure um futuro educacional promissor para seu filho em \u00c1guas de Santa B\u00e1rbara. A educa\u00e7\u00e3o \u00e9 a chave para o desenvolvimento pleno das crian\u00e7as.<\/p>\n<p>Ag\u00eancia FRizzo Digital<\/p>\n<p>Contato (14) 9.9625-3010<\/p>\n","protected":false},"excerpt":{"rendered":"<p>Os pais e respons\u00e1veis t\u00eam at\u00e9 o dia 30 de novembro para garantir a matr\u00edcula de seus filhos de \u00c1guas de Santa B\u00e1rbara. O per\u00edodo de atendimento \u00e9 das 8h \u00e0s 16h30. As matr\u00edculas e rematr\u00edculas s\u00e3o obrigat\u00f3rias para crian\u00e7as que completaram 4 anos ou que ir\u00e3o completar at\u00e9 31 de mar\u00e7o de 2024. Esta [&hellip;]<\/p>\n","protected":false},"author":2,"featured_media":1073,"comment_status":"open","ping_status":"open","sticky":false,"template":"","format":"standard","meta":{"footnotes":""},"categories":[51],"tags":[],"class_list":["post-1072","post","type-post","status-publish","format-standard","has-post-thumbnail","hentry","category-noticias-regionais"],"_links":{"self":[{"href":"https:\/\/sabuguinho.com.br\/site\/wp-json\/wp\/v2\/posts\/1072","targetHints":{"allow":["GET"]}}],"collection":[{"href":"https:\/\/sabuguinho.com.br\/site\/wp-json\/wp\/v2\/posts"}],"about":[{"href":"https:\/\/sabuguinho.com.br\/site\/wp-json\/wp\/v2\/types\/post"}],"author":[{"embeddable":true,"href":"https:\/\/sabuguinho.com.br\/site\/wp-json\/wp\/v2\/users\/2"}],"replies":[{"embeddable":true,"href":"https:\/\/sabuguinho.com.br\/site\/wp-json\/wp\/v2\/comments?post=1072"}],"version-history":[{"count":1,"href":"https:\/\/sabuguinho.com.br\/site\/wp-json\/wp\/v2\/posts\/1072\/revisions"}],"predecessor-version":[{"id":1074,"href":"https:\/\/sabuguinho.com.br\/site\/wp-json\/wp\/v2\/posts\/1072\/revisions\/1074"}],"wp:featuredmedia":[{"embeddable":true,"href":"https:\/\/sabuguinho.com.br\/site\/wp-json\/wp\/v2\/media\/1073"}],"wp:attachment":[{"href":"https:\/\/sabuguinho.com.br\/site\/wp-json\/wp\/v2\/media?parent=1072"}],"wp:term":[{"taxonomy":"category","embeddable":true,"href":"https:\/\/sabuguinho.com.br\/site\/wp-json\/wp\/v2\/categories?post=1072"},{"taxonomy":"post_tag","embeddable":true,"href":"https:\/\/sabuguinho.com.br\/site\/wp-json\/wp\/v2\/tags?post=1072"}],"curies":[{"name":"wp","href":"https:\/\/api.w.org\/{rel}","templated":true}]}}