{"id":1068,"date":"2023-11-27T16:09:32","date_gmt":"2023-11-27T19:09:32","guid":{"rendered":"https:\/\/sabuguinho.com.br\/site\/?p=1068"},"modified":"2023-11-27T16:09:32","modified_gmt":"2023-11-27T19:09:32","slug":"capitao-ricardo-cunha-assume-comando-da-policia-militar-em-botucatu-e-capitao-anderson-mariotto-em-sao-manuel","status":"publish","type":"post","link":"https:\/\/sabuguinho.com.br\/site\/capitao-ricardo-cunha-assume-comando-da-policia-militar-em-botucatu-e-capitao-anderson-mariotto-em-sao-manuel\/","title":{"rendered":"Capit\u00e3o Ricardo Cunha assume comando da Pol\u00edcia Militar em Botucatu e Capit\u00e3o Anderson Mariotto em S\u00e3o Manuel"},"content":{"rendered":"<p>Grupo LN de Comunica\u00e7\u00e3o<\/p>\n<p>Uma mudan\u00e7a significativa no comando da Pol\u00edcia Militar marcou o cen\u00e1rio de seguran\u00e7a p\u00fablica em Botucatu e S\u00e3o Manuel nos \u00faltimos dias. A altera\u00e7\u00e3o, estrategicamente planejada pelo Tenente-Coronel Folkis, comandante do Batalh\u00e3o, visa melhorar a atua\u00e7\u00e3o das for\u00e7as policiais na regi\u00e3o.<br \/>\nO Capit\u00e3o Anderson Mariotto, que at\u00e9 ent\u00e3o liderava a 1\u00aa Companhia de Botucatu, passou a desempenhar seus cargos na 2\u00aa Companhia de S\u00e3o Manuel. Em suas substitui\u00e7\u00f5es, assume o comando da 1\u00aa Companhia o Capit\u00e3o Ricardo Cunha, trazendo consigo sua experi\u00eancia e expertise para a cidade.<br \/>\nA redistribui\u00e7\u00e3o de lideran\u00e7as visa a melhor coordena\u00e7\u00e3o das atividades policiais, promovendo uma resposta mais \u00e1gil e eficiente aos desafios espec\u00edficos de cada localidade.<br \/>\nDe acordo com Cunha, os trabalhos ser\u00e3o continuados para que a popula\u00e7\u00e3o continue confiando no trabalho da Pol\u00edcia Militar. \u201d A mudan\u00e7a tem como objetivo desenvolver e aprimorar o policiamento ostensivo\/preventivo para prover o aumento da percep\u00e7\u00e3o de seguran\u00e7a no munic\u00edpio de Botucatu.\u201d<\/p>\n","protected":false},"excerpt":{"rendered":"<p>Grupo LN de Comunica\u00e7\u00e3o Uma mudan\u00e7a significativa no comando da Pol\u00edcia Militar marcou o cen\u00e1rio de seguran\u00e7a p\u00fablica em Botucatu e S\u00e3o Manuel nos \u00faltimos dias. A altera\u00e7\u00e3o, estrategicamente planejada pelo Tenente-Coronel Folkis, comandante do Batalh\u00e3o, visa melhorar a atua\u00e7\u00e3o das for\u00e7as policiais na regi\u00e3o. O Capit\u00e3o Anderson Mariotto, que at\u00e9 ent\u00e3o liderava a 1\u00aa [&hellip;]<\/p>\n","protected":false},"author":2,"featured_media":1069,"comment_status":"open","ping_status":"open","sticky":false,"template":"","format":"standard","meta":{"footnotes":""},"categories":[52],"tags":[],"class_list":["post-1068","post","type-post","status-publish","format-standard","has-post-thumbnail","hentry","category-policiais"],"_links":{"self":[{"href":"https:\/\/sabuguinho.com.br\/site\/wp-json\/wp\/v2\/posts\/1068","targetHints":{"allow":["GET"]}}],"collection":[{"href":"https:\/\/sabuguinho.com.br\/site\/wp-json\/wp\/v2\/posts"}],"about":[{"href":"https:\/\/sabuguinho.com.br\/site\/wp-json\/wp\/v2\/types\/post"}],"author":[{"embeddable":true,"href":"https:\/\/sabuguinho.com.br\/site\/wp-json\/wp\/v2\/users\/2"}],"replies":[{"embeddable":true,"href":"https:\/\/sabuguinho.com.br\/site\/wp-json\/wp\/v2\/comments?post=1068"}],"version-history":[{"count":1,"href":"https:\/\/sabuguinho.com.br\/site\/wp-json\/wp\/v2\/posts\/1068\/revisions"}],"predecessor-version":[{"id":1070,"href":"https:\/\/sabuguinho.com.br\/site\/wp-json\/wp\/v2\/posts\/1068\/revisions\/1070"}],"wp:featuredmedia":[{"embeddable":true,"href":"https:\/\/sabuguinho.com.br\/site\/wp-json\/wp\/v2\/media\/1069"}],"wp:attachment":[{"href":"https:\/\/sabuguinho.com.br\/site\/wp-json\/wp\/v2\/media?parent=1068"}],"wp:term":[{"taxonomy":"category","embeddable":true,"href":"https:\/\/sabuguinho.com.br\/site\/wp-json\/wp\/v2\/categories?post=1068"},{"taxonomy":"post_tag","embeddable":true,"href":"https:\/\/sabuguinho.com.br\/site\/wp-json\/wp\/v2\/tags?post=1068"}],"curies":[{"name":"wp","href":"https:\/\/api.w.org\/{rel}","templated":true}]}}