{"id":1065,"date":"2023-11-27T14:41:52","date_gmt":"2023-11-27T17:41:52","guid":{"rendered":"https:\/\/sabuguinho.com.br\/site\/?p=1065"},"modified":"2023-11-27T14:41:52","modified_gmt":"2023-11-27T17:41:52","slug":"dia-de-doar-uma-data-para-promover-a-generosidade-no-brasil-lbv-realiza-arrecadacao-de-alimentos-para-entregar-50-mil-cestas-neste-natal","status":"publish","type":"post","link":"https:\/\/sabuguinho.com.br\/site\/dia-de-doar-uma-data-para-promover-a-generosidade-no-brasil-lbv-realiza-arrecadacao-de-alimentos-para-entregar-50-mil-cestas-neste-natal\/","title":{"rendered":"Dia de Doar: uma data para promover a generosidade no Brasil LBV realiza arrecada\u00e7\u00e3o de alimentos para entregar 50 mil cestas neste Natal"},"content":{"rendered":"<p>A edi\u00e7\u00e3o 2023 do Dia de Doar ocorrer\u00e1 no pr\u00f3ximo 28 de novembro. O movimento visa mobilizar, incentivar e fortalecer o h\u00e1bito da doa\u00e7\u00e3o engajando pessoas f\u00edsicas, empresas e organiza\u00e7\u00f5es no mundo todo. No Brasil, essa iniciativa tem ganhado for\u00e7a e vem fortalecer a cultura da doa\u00e7\u00e3o, com o objetivo de tornar o pa\u00eds mais solid\u00e1rio e generoso.<br \/>\nA Legi\u00e3o da Boa Vontade (LBV) tamb\u00e9m participa deste movimento global por meio de sua campanha de mobiliza\u00e7\u00e3o social para arrecada\u00e7\u00e3o de alimentos para compor as 50 mil cestas que ser\u00e3o entregues a fam\u00edlias que vivem em situa\u00e7\u00e3o de vulnerabilidade social em mais de 200 munic\u00edpios do pa\u00eds.<br \/>\nA fome \u00e9 di\u00e1ria. O nosso trabalho tamb\u00e9m.<br \/>\nAcesse: lbv.org.br e doe quantas cestas puder.<br \/>\nFa\u00e7a uma transfer\u00eancia banc\u00e1ria via PIX pelo e-mail: pix@lbv.org.br.<br \/>\nLigue para o telefone: 0800 055 50 99.<br \/>\nLeve sua doa\u00e7\u00e3o \u00e0 LBV mais pr\u00f3xima:<br \/>\nS\u00e3o mais de 80 unidades de atendimento da LBV espalhadas pelas cinco regi\u00f5es brasileiras e que est\u00e3o engajadas nessa grande mobiliza\u00e7\u00e3o solid\u00e1ria para receber as doa\u00e7\u00f5es de alimentos.<br \/>\nPara outras informa\u00e7\u00f5es, acesse: www.lbv.org.br.<br \/>\n____________________________________<br \/>\nSobre o Dia de Doar<br \/>\nO Dia de Doar faz parte de um movimento mundial chamado #GivingTuesday (ter\u00e7a-feira de doa\u00e7\u00e3o). A iniciativa aconteceu pela primeira vez nos Estados Unidos, em 2012, e \u00e9 realizada sempre na ter\u00e7a-feira ap\u00f3s o Dia de A\u00e7\u00e3o de Gra\u00e7as (Thanksgiving), uma resposta solid\u00e1ria \u00e0 Black Friday e \u00e0 Cyber Monday. No Brasil, a primeira edi\u00e7\u00e3o ocorreu em 2013, e, no ano seguinte, o pa\u00eds entrou oficialmente no movimento global. Liderado pela ABCR (Associa\u00e7\u00e3o Brasileira de Capta\u00e7\u00e3o de Recursos), a data comemorativa faz parte da rede do Movimento por uma Cultura de Doa\u00e7\u00e3o e conta com a parceria do Instituto Mol. Este ano, o Dia de Doar est\u00e1 incentivando tamb\u00e9m a realiza\u00e7\u00e3o das campanhas comunit\u00e1rias que mobilizam recursos locais para que sejam investidos na pr\u00f3pria comunidade.<\/p>\n","protected":false},"excerpt":{"rendered":"<p>A edi\u00e7\u00e3o 2023 do Dia de Doar ocorrer\u00e1 no pr\u00f3ximo 28 de novembro. O movimento visa mobilizar, incentivar e fortalecer o h\u00e1bito da doa\u00e7\u00e3o engajando pessoas f\u00edsicas, empresas e organiza\u00e7\u00f5es no mundo todo. No Brasil, essa iniciativa tem ganhado for\u00e7a e vem fortalecer a cultura da doa\u00e7\u00e3o, com o objetivo de tornar o pa\u00eds mais [&hellip;]<\/p>\n","protected":false},"author":2,"featured_media":1066,"comment_status":"open","ping_status":"open","sticky":false,"template":"","format":"standard","meta":{"footnotes":""},"categories":[57],"tags":[],"class_list":["post-1065","post","type-post","status-publish","format-standard","has-post-thumbnail","hentry","category-destaque"],"_links":{"self":[{"href":"https:\/\/sabuguinho.com.br\/site\/wp-json\/wp\/v2\/posts\/1065","targetHints":{"allow":["GET"]}}],"collection":[{"href":"https:\/\/sabuguinho.com.br\/site\/wp-json\/wp\/v2\/posts"}],"about":[{"href":"https:\/\/sabuguinho.com.br\/site\/wp-json\/wp\/v2\/types\/post"}],"author":[{"embeddable":true,"href":"https:\/\/sabuguinho.com.br\/site\/wp-json\/wp\/v2\/users\/2"}],"replies":[{"embeddable":true,"href":"https:\/\/sabuguinho.com.br\/site\/wp-json\/wp\/v2\/comments?post=1065"}],"version-history":[{"count":1,"href":"https:\/\/sabuguinho.com.br\/site\/wp-json\/wp\/v2\/posts\/1065\/revisions"}],"predecessor-version":[{"id":1067,"href":"https:\/\/sabuguinho.com.br\/site\/wp-json\/wp\/v2\/posts\/1065\/revisions\/1067"}],"wp:featuredmedia":[{"embeddable":true,"href":"https:\/\/sabuguinho.com.br\/site\/wp-json\/wp\/v2\/media\/1066"}],"wp:attachment":[{"href":"https:\/\/sabuguinho.com.br\/site\/wp-json\/wp\/v2\/media?parent=1065"}],"wp:term":[{"taxonomy":"category","embeddable":true,"href":"https:\/\/sabuguinho.com.br\/site\/wp-json\/wp\/v2\/categories?post=1065"},{"taxonomy":"post_tag","embeddable":true,"href":"https:\/\/sabuguinho.com.br\/site\/wp-json\/wp\/v2\/tags?post=1065"}],"curies":[{"name":"wp","href":"https:\/\/api.w.org\/{rel}","templated":true}]}}