{"id":1062,"date":"2023-11-27T12:25:38","date_gmt":"2023-11-27T15:25:38","guid":{"rendered":"https:\/\/sabuguinho.com.br\/site\/?p=1062"},"modified":"2023-11-27T12:25:41","modified_gmt":"2023-11-27T15:25:41","slug":"carro-e-destruido-em-incendio-no-centro-de-avare-veja-video","status":"publish","type":"post","link":"https:\/\/sabuguinho.com.br\/site\/carro-e-destruido-em-incendio-no-centro-de-avare-veja-video\/","title":{"rendered":"CARRO \u00c9 DESTRU\u00cdDO EM INC\u00caNDIO NO CENTRO DE AVAR\u00c9; VEJA VIDEO"},"content":{"rendered":"<p>Um carro foi destru\u00eddo, ap\u00f3s pegar fogo na noite de domingo, dia 26 de novembro, na Rua Santa Catarina, no centro de Avar\u00e9.<br \/>\nInforma\u00e7\u00f5es do A Voz do Vale d\u00e3o conta que uma equipe do Corpo de Bombeiros foi acionada para combater o inc\u00eandio no autom\u00f3vel, que estava estacionado pr\u00f3ximo a Rua Pernambuco.<br \/>\nO fogo foi extinto e o local foi deixado em seguran\u00e7a. Os bombeiros n\u00e3o souberam informar as causas do inc\u00eandio. N\u00e3o houve registro de feridos.<br \/>\nAs causas do inc\u00eandio ser\u00e3o averiguadas.<\/p>\n<p><iframe loading=\"lazy\" title=\"CARRO \u00c9 DESTRU\u00cdDO EM INC\u00caNDIO NO CENTRO DE AVAR\u00c9\" width=\"500\" height=\"281\" src=\"https:\/\/www.youtube.com\/embed\/w8F5Wb6pnCY?feature=oembed\" frameborder=\"0\" allow=\"accelerometer; autoplay; clipboard-write; encrypted-media; gyroscope; picture-in-picture; web-share\" referrerpolicy=\"strict-origin-when-cross-origin\" allowfullscreen><\/iframe><\/p>\n","protected":false},"excerpt":{"rendered":"<p>Um carro foi destru\u00eddo, ap\u00f3s pegar fogo na noite de domingo, dia 26 de novembro, na Rua Santa Catarina, no centro de Avar\u00e9. Informa\u00e7\u00f5es do A Voz do Vale d\u00e3o conta que uma equipe do Corpo de Bombeiros foi acionada para combater o inc\u00eandio no autom\u00f3vel, que estava estacionado pr\u00f3ximo a Rua Pernambuco. O fogo [&hellip;]<\/p>\n","protected":false},"author":2,"featured_media":1063,"comment_status":"open","ping_status":"open","sticky":false,"template":"","format":"standard","meta":{"footnotes":""},"categories":[52],"tags":[],"class_list":["post-1062","post","type-post","status-publish","format-standard","has-post-thumbnail","hentry","category-policiais"],"_links":{"self":[{"href":"https:\/\/sabuguinho.com.br\/site\/wp-json\/wp\/v2\/posts\/1062","targetHints":{"allow":["GET"]}}],"collection":[{"href":"https:\/\/sabuguinho.com.br\/site\/wp-json\/wp\/v2\/posts"}],"about":[{"href":"https:\/\/sabuguinho.com.br\/site\/wp-json\/wp\/v2\/types\/post"}],"author":[{"embeddable":true,"href":"https:\/\/sabuguinho.com.br\/site\/wp-json\/wp\/v2\/users\/2"}],"replies":[{"embeddable":true,"href":"https:\/\/sabuguinho.com.br\/site\/wp-json\/wp\/v2\/comments?post=1062"}],"version-history":[{"count":1,"href":"https:\/\/sabuguinho.com.br\/site\/wp-json\/wp\/v2\/posts\/1062\/revisions"}],"predecessor-version":[{"id":1064,"href":"https:\/\/sabuguinho.com.br\/site\/wp-json\/wp\/v2\/posts\/1062\/revisions\/1064"}],"wp:featuredmedia":[{"embeddable":true,"href":"https:\/\/sabuguinho.com.br\/site\/wp-json\/wp\/v2\/media\/1063"}],"wp:attachment":[{"href":"https:\/\/sabuguinho.com.br\/site\/wp-json\/wp\/v2\/media?parent=1062"}],"wp:term":[{"taxonomy":"category","embeddable":true,"href":"https:\/\/sabuguinho.com.br\/site\/wp-json\/wp\/v2\/categories?post=1062"},{"taxonomy":"post_tag","embeddable":true,"href":"https:\/\/sabuguinho.com.br\/site\/wp-json\/wp\/v2\/tags?post=1062"}],"curies":[{"name":"wp","href":"https:\/\/api.w.org\/{rel}","templated":true}]}}