{"id":1056,"date":"2023-11-27T12:13:24","date_gmt":"2023-11-27T15:13:24","guid":{"rendered":"https:\/\/sabuguinho.com.br\/site\/?p=1056"},"modified":"2023-11-27T12:13:24","modified_gmt":"2023-11-27T15:13:24","slug":"jovem-de-19-anos-morre-em-acidente-com-quadriciclo-em-avare","status":"publish","type":"post","link":"https:\/\/sabuguinho.com.br\/site\/jovem-de-19-anos-morre-em-acidente-com-quadriciclo-em-avare\/","title":{"rendered":"JOVEM DE 19 ANOS MORRE EM ACIDENTE COM QUADRICICLO EM AVAR\u00c9"},"content":{"rendered":"<p>FONTE: G1 ITAPETININGA<\/p>\n<p>Um jovem de 19 anos morreu ap\u00f3s sofrer um acidente com amigos em um quadriciclo, em um condom\u00ednio \u00e0s margens da represa Jurumirim, em Avar\u00e9 (SP), no domingo (26).<br \/>\nConforme a Pol\u00edcia Civil, Bryan Gabriel Pires Tavares estava com outras cinco pessoas \u00e0s margens da represa no momento do acidente.<br \/>\nO grupo estava usando um quadriciclo para circular pela faixa de areia da represa, quando os seis colegas subiram no ve\u00edculo, que acabou tombando em uma curva. Ainda n\u00e3o h\u00e1 informa\u00e7\u00f5es sobre quem estava dirigindo ou sobre a velocidade de circula\u00e7\u00e3o.<br \/>\nDepois do acidente, o quadriciclo caiu em cima de Bryan, que foi levado ao hospital de Avar\u00e9, mas n\u00e3o resistiu aos ferimentos.<br \/>\nO jovem foi enterrado na manh\u00e3 desta segunda-feira (27), no cemit\u00e9rio S\u00e3o Vicente, no munic\u00edpio de Taquarituba (SP), onde morava com a fam\u00edlia.<br \/>\nUm boletim de ocorr\u00eancia foi registrado na delegacia de Avar\u00e9. A pol\u00edcia investiga as circunst\u00e2ncias do acidente.<\/p>\n<p>legenda: V\u00edtima estava no ve\u00edculo com outros seis amigos no momento em que o quadriciclo tombou e caiu em cima dele.<\/p>\n<p>FONTE DA FOTO: REPRODU\u00c7\u00c3O &#8211; G1 ITAPETININGA &#8211; ARQUIVO PESSOAL<\/p>\n","protected":false},"excerpt":{"rendered":"<p>FONTE: G1 ITAPETININGA Um jovem de 19 anos morreu ap\u00f3s sofrer um acidente com amigos em um quadriciclo, em um condom\u00ednio \u00e0s margens da represa Jurumirim, em Avar\u00e9 (SP), no domingo (26). Conforme a Pol\u00edcia Civil, Bryan Gabriel Pires Tavares estava com outras cinco pessoas \u00e0s margens da represa no momento do acidente. O grupo [&hellip;]<\/p>\n","protected":false},"author":2,"featured_media":1057,"comment_status":"open","ping_status":"open","sticky":false,"template":"","format":"standard","meta":{"footnotes":""},"categories":[52],"tags":[],"class_list":["post-1056","post","type-post","status-publish","format-standard","has-post-thumbnail","hentry","category-policiais"],"_links":{"self":[{"href":"https:\/\/sabuguinho.com.br\/site\/wp-json\/wp\/v2\/posts\/1056","targetHints":{"allow":["GET"]}}],"collection":[{"href":"https:\/\/sabuguinho.com.br\/site\/wp-json\/wp\/v2\/posts"}],"about":[{"href":"https:\/\/sabuguinho.com.br\/site\/wp-json\/wp\/v2\/types\/post"}],"author":[{"embeddable":true,"href":"https:\/\/sabuguinho.com.br\/site\/wp-json\/wp\/v2\/users\/2"}],"replies":[{"embeddable":true,"href":"https:\/\/sabuguinho.com.br\/site\/wp-json\/wp\/v2\/comments?post=1056"}],"version-history":[{"count":1,"href":"https:\/\/sabuguinho.com.br\/site\/wp-json\/wp\/v2\/posts\/1056\/revisions"}],"predecessor-version":[{"id":1058,"href":"https:\/\/sabuguinho.com.br\/site\/wp-json\/wp\/v2\/posts\/1056\/revisions\/1058"}],"wp:featuredmedia":[{"embeddable":true,"href":"https:\/\/sabuguinho.com.br\/site\/wp-json\/wp\/v2\/media\/1057"}],"wp:attachment":[{"href":"https:\/\/sabuguinho.com.br\/site\/wp-json\/wp\/v2\/media?parent=1056"}],"wp:term":[{"taxonomy":"category","embeddable":true,"href":"https:\/\/sabuguinho.com.br\/site\/wp-json\/wp\/v2\/categories?post=1056"},{"taxonomy":"post_tag","embeddable":true,"href":"https:\/\/sabuguinho.com.br\/site\/wp-json\/wp\/v2\/tags?post=1056"}],"curies":[{"name":"wp","href":"https:\/\/api.w.org\/{rel}","templated":true}]}}