{"id":1036,"date":"2023-11-26T22:14:13","date_gmt":"2023-11-27T01:14:13","guid":{"rendered":"https:\/\/sabuguinho.com.br\/site\/?p=1036"},"modified":"2023-11-26T22:14:13","modified_gmt":"2023-11-27T01:14:13","slug":"crianca-de-2-anos-morre-apos-ser-atacada-por-pit-bull-da-familia","status":"publish","type":"post","link":"https:\/\/sabuguinho.com.br\/site\/crianca-de-2-anos-morre-apos-ser-atacada-por-pit-bull-da-familia\/","title":{"rendered":"CRIAN\u00c7A DE 2 ANOS MORRE AP\u00d3S SER ATACADA POR PIT BULL DA FAM\u00cdLIA"},"content":{"rendered":"<p>Uma crian\u00e7a de quase dois anos morreu ao ser atacada por um cachorro da ra\u00e7a pit bull, na noite de s\u00e1bado, dia 25 de novembro, no bairro Monte Azul, em Len\u00e7\u00f3is Paulista. Segundo a Pol\u00edcia Militar, o cachorro \u00e9 da pr\u00f3pria fam\u00edlia.<br \/>\nUma adolescente de 13 anos tamb\u00e9m foi atacada e levada por parentes at\u00e9 a Unidade de Pronto Atendimento (UPA) da cidade. O estado de sa\u00fade dela \u00e9 considerado grave.<br \/>\nA pol\u00edcia informou, ainda, que a m\u00e3e estava tomando banho. J\u00e1 a crian\u00e7a e a tia dela, de 13 anos, estavam na sala quando houve o acidente. O cachorro atingiu a cabe\u00e7a da crian\u00e7a e, depois, atacou a adolescente.<br \/>\nA Pol\u00edcia Militar esteve no local e o caso ser\u00e1 investigado pela Pol\u00edcia Civil.<\/p>\n","protected":false},"excerpt":{"rendered":"<p>Uma crian\u00e7a de quase dois anos morreu ao ser atacada por um cachorro da ra\u00e7a pit bull, na noite de s\u00e1bado, dia 25 de novembro, no bairro Monte Azul, em Len\u00e7\u00f3is Paulista. Segundo a Pol\u00edcia Militar, o cachorro \u00e9 da pr\u00f3pria fam\u00edlia. Uma adolescente de 13 anos tamb\u00e9m foi atacada e levada por parentes at\u00e9 [&hellip;]<\/p>\n","protected":false},"author":2,"featured_media":1037,"comment_status":"open","ping_status":"open","sticky":false,"template":"","format":"standard","meta":{"footnotes":""},"categories":[52],"tags":[],"class_list":["post-1036","post","type-post","status-publish","format-standard","has-post-thumbnail","hentry","category-policiais"],"_links":{"self":[{"href":"https:\/\/sabuguinho.com.br\/site\/wp-json\/wp\/v2\/posts\/1036","targetHints":{"allow":["GET"]}}],"collection":[{"href":"https:\/\/sabuguinho.com.br\/site\/wp-json\/wp\/v2\/posts"}],"about":[{"href":"https:\/\/sabuguinho.com.br\/site\/wp-json\/wp\/v2\/types\/post"}],"author":[{"embeddable":true,"href":"https:\/\/sabuguinho.com.br\/site\/wp-json\/wp\/v2\/users\/2"}],"replies":[{"embeddable":true,"href":"https:\/\/sabuguinho.com.br\/site\/wp-json\/wp\/v2\/comments?post=1036"}],"version-history":[{"count":1,"href":"https:\/\/sabuguinho.com.br\/site\/wp-json\/wp\/v2\/posts\/1036\/revisions"}],"predecessor-version":[{"id":1038,"href":"https:\/\/sabuguinho.com.br\/site\/wp-json\/wp\/v2\/posts\/1036\/revisions\/1038"}],"wp:featuredmedia":[{"embeddable":true,"href":"https:\/\/sabuguinho.com.br\/site\/wp-json\/wp\/v2\/media\/1037"}],"wp:attachment":[{"href":"https:\/\/sabuguinho.com.br\/site\/wp-json\/wp\/v2\/media?parent=1036"}],"wp:term":[{"taxonomy":"category","embeddable":true,"href":"https:\/\/sabuguinho.com.br\/site\/wp-json\/wp\/v2\/categories?post=1036"},{"taxonomy":"post_tag","embeddable":true,"href":"https:\/\/sabuguinho.com.br\/site\/wp-json\/wp\/v2\/tags?post=1036"}],"curies":[{"name":"wp","href":"https:\/\/api.w.org\/{rel}","templated":true}]}}